{"id":18610,"date":"2018-04-25T09:58:06","date_gmt":"2018-04-25T07:58:06","guid":{"rendered":"http:\/\/www.messinaoggi.it\/website\/?p=18610"},"modified":"2018-04-25T09:58:06","modified_gmt":"2018-04-25T07:58:06","slug":"enzo-basso-in-liberta-ma-ce-il-giallo-di-una-firma-falsa","status":"publish","type":"post","link":"https:\/\/www.messinaoggi.it\/website\/2018\/04\/25\/enzo-basso-in-liberta-ma-ce-il-giallo-di-una-firma-falsa\/","title":{"rendered":"Enzo Basso in libert\u00e0 ma c&#039;\u00e8 il giallo di una firma falsa"},"content":{"rendered":"<p style=\"text-align: justify;\">Dopo quasi sei mesi agli arresti domiciliari, alla vigilia della Festa della Liberazione, il giornalista Enzo Basso torna in libert\u00e0. Il Gup del Tribunale di Messina ha accolto la richiesta di scarcerazione del legale dell\u2019ex editore di \u201cCentonove\u201d, ma viene a galla il giallo di una firma falsa apposta sul verbale dell\u2019interrogatorio di garanzia.<div id=\"div-gpt-ad-Messinaoggi.it-DSK-300x250-corpoart\" style=\"text-align:center;margin:0 auto;\"><\/div><\/p>\n<p style=\"text-align: justify;\">Basso, infatti, sarebbe stato messo sotto torchio per sei ore dagli inquirenti senza la presenza del suo legale. Alla fine dell\u2019interrogatorio in calce al verbale vi sarebbe apposta la firma di Basso ma sarebbe falsa, come certificato da un perito. Chi ha apposto quella firma falsa? A fare luce sull\u2019accaduto sar\u00e0 con molta probabilit\u00e0 la Procura di Reggio Calabria, dopo che gli atti saranno trasferiti al Tribunale della citt\u00e0 dirimpettaia.<div id=\"videoincontent\" style=\"clear:both\";><\/div><\/p>\n<p style=\"text-align: justify;\">Al di l\u00e0 del giallo della firma, il Gup del Tribunale di Messina ha stabilito che non vi erano esigenze cautelari tali per disporre l\u2019arresto ai domiciliari di Enzo Basso, coinvolto in una inchiesta sulla gestione economico-finanziaria della societ\u00e0 editrici di \u201cCentonove\u201d. A luglio \u00e8 stata gi\u00e0 fissata l\u2019udienza, dopo il rinvio a giudizio del giornalista-editore. Basso per quasi sei mesi \u00e8 stato ristretto fra le mura di casa sebbene avesse subito il sequestro di conti correnti e delle quote del giornale la cui gestione \u00e8 passata nella mani di un amministratore nominato dal Tribunale.<\/p>\n","protected":false},"excerpt":{"rendered":"<p>Dopo quasi sei mesi agli arresti domiciliari, alla vigilia della Festa della Liberazione, il giornalista Enzo Basso torna in libert\u00e0. Il Gup del Tribunale di Messina ha accolto la richiesta di scarcerazione del legale dell\u2019ex editore di \u201cCentonove\u201d, ma viene a galla il giallo di una firma falsa apposta sul verbale dell\u2019interrogatorio di garanzia. Basso, [&hellip;]<\/p>\n","protected":false},"author":2,"featured_media":10356,"comment_status":"closed","ping_status":"open","sticky":false,"template":"","format":"standard","meta":{"ub_ctt_via":"","_mi_skip_tracking":false},"categories":[19,6],"tags":[],"featured_image_src":"https:\/\/www.messinaoggi.it\/website\/wp-content\/uploads\/2017\/10\/tribunale-di-messina.jpg","author_info":{"display_name":"Redazione","author_link":"https:\/\/www.messinaoggi.it\/website\/author\/redazione\/"},"digistream_id":0,"digistream":false,"_links":{"self":[{"href":"https:\/\/www.messinaoggi.it\/website\/wp-json\/wp\/v2\/posts\/18610"}],"collection":[{"href":"https:\/\/www.messinaoggi.it\/website\/wp-json\/wp\/v2\/posts"}],"about":[{"href":"https:\/\/www.messinaoggi.it\/website\/wp-json\/wp\/v2\/types\/post"}],"author":[{"embeddable":true,"href":"https:\/\/www.messinaoggi.it\/website\/wp-json\/wp\/v2\/users\/2"}],"replies":[{"embeddable":true,"href":"https:\/\/www.messinaoggi.it\/website\/wp-json\/wp\/v2\/comments?post=18610"}],"version-history":[{"count":0,"href":"https:\/\/www.messinaoggi.it\/website\/wp-json\/wp\/v2\/posts\/18610\/revisions"}],"wp:featuredmedia":[{"embeddable":true,"href":"https:\/\/www.messinaoggi.it\/website\/wp-json\/wp\/v2\/media\/10356"}],"wp:attachment":[{"href":"https:\/\/www.messinaoggi.it\/website\/wp-json\/wp\/v2\/media?parent=18610"}],"wp:term":[{"taxonomy":"category","embeddable":true,"href":"https:\/\/www.messinaoggi.it\/website\/wp-json\/wp\/v2\/categories?post=18610"},{"taxonomy":"post_tag","embeddable":true,"href":"https:\/\/www.messinaoggi.it\/website\/wp-json\/wp\/v2\/tags?post=18610"}],"curies":[{"name":"wp","href":"https:\/\/api.w.org\/{rel}","templated":true}]}}