{"id":186079,"date":"2024-02-05T13:20:14","date_gmt":"2024-02-05T12:20:14","guid":{"rendered":"http:\/\/www.messinaoggi.it\/website\/?p=186079"},"modified":"2024-02-05T13:20:15","modified_gmt":"2024-02-05T12:20:15","slug":"lavori-via-adolfo-celi-carbone-ci-sono-gia-buche-e-cedimenti","status":"publish","type":"post","link":"https:\/\/www.messinaoggi.it\/website\/2024\/02\/05\/lavori-via-adolfo-celi-carbone-ci-sono-gia-buche-e-cedimenti\/","title":{"rendered":"Lavori via Adolfo Celi, Carbone: &#8220;ci sono gi\u00e0 buche e cedimenti&#8221;"},"content":{"rendered":"\n<p>Il consigliere comunale Dario Carbone, appartenente al gruppo &#8220;Fratelli d&#8217;Italia&#8221;, ha scritto un&#8217;interrogazione indirizzata al sindaco Federico Basile in merito ai lavori di rifacimento del manto stradale recentemente effettuati nella zona sud della citt\u00e0 di Messina ed in particolare in via Adolfo Celi.<div id=\"div-gpt-ad-Messinaoggi.it-DSK-300x250-corpoart\" style=\"text-align:center;margin:0 auto;\"><\/div><\/p>\n\n\n\n<p>&#8220;Come potr\u00e0 verificarsi dalla documentazione fotografica allegata e nonostante gli interventi siano stati terminati soltanto qualche settimana fa, la sede stradale presenta dei cedimenti e degli smottamenti importantissimi ed alcune buche profonde che fanno presagire un crollo imminente.<div id=\"videoincontent\" style=\"clear:both\";><\/div><\/p>\n\n\n\n<p>La situazione sopra descritta rappresenta un pericolo costante per pedoni, automobilisti, motociclisti, ciclisti e fruitori della strada ed \u00e8 compito dello scrivente rappresentare come, in caso di incidenti stradali derivanti dalla sopracitata situazione, non \u00e8 da escludere la responsabilit\u00e0 dell&#8217;Ente &#8211; custode del bene &#8211; alla luce della pi\u00f9 recente giurisprudenza in materia&#8221;.<\/p>\n\n\n\n<figure class=\"wp-block-image size-large\"><img loading=\"lazy\" width=\"768\" height=\"1024\" src=\"https:\/\/www.messinaoggi.it\/website\/wp-content\/uploads\/2024\/02\/Screenshot_20240205_131852_Samsung-Notes-768x1024.jpg\" alt=\"\" class=\"wp-image-186082\" srcset=\"https:\/\/www.messinaoggi.it\/website\/wp-content\/uploads\/2024\/02\/Screenshot_20240205_131852_Samsung-Notes-768x1024.jpg 768w, https:\/\/www.messinaoggi.it\/website\/wp-content\/uploads\/2024\/02\/Screenshot_20240205_131852_Samsung-Notes-225x300.jpg 225w, https:\/\/www.messinaoggi.it\/website\/wp-content\/uploads\/2024\/02\/Screenshot_20240205_131852_Samsung-Notes-1152x1536.jpg 1152w, https:\/\/www.messinaoggi.it\/website\/wp-content\/uploads\/2024\/02\/Screenshot_20240205_131852_Samsung-Notes-1536x2048.jpg 1536w, https:\/\/www.messinaoggi.it\/website\/wp-content\/uploads\/2024\/02\/Screenshot_20240205_131852_Samsung-Notes.jpg 1868w\" sizes=\"(max-width: 768px) 100vw, 768px\" \/><\/figure>\n\n\n\n<p>&#8220;Occorrer\u00e0 pertanto vigilare sulla corretta esecuzione dei lavori  &#8211; afferma Carbone &#8211; acquisendo informazioni e documentazione utile da parte del Dirigente, del RUP, del Direttore dei lavori e dell&#8217;Impresa esecutrice.<\/p>\n\n\n\n<p>Carbone chiede che il sindaco risponda, per iscritto, sulla corretta esecuzione dei lavori di rifacimento del manto stradale nella zona Sud della citt\u00e0 di Messina ed in particolare in via Adolfo Celi di fronte al supermercato &#8220;Lidl&#8221; ed all&#8217;incrocio con il villaggio UNNRA.<\/p>\n","protected":false},"excerpt":{"rendered":"<p>Il consigliere comunale Dario Carbone, appartenente al gruppo &#8220;Fratelli d&#8217;Italia&#8221;, ha scritto un&#8217;interrogazione indirizzata al sindaco Federico Basile in merito ai lavori di rifacimento del manto stradale recentemente effettuati nella zona sud della citt\u00e0 di Messina ed in particolare in via Adolfo Celi. &#8220;Come potr\u00e0 verificarsi dalla documentazione fotografica allegata e nonostante gli interventi siano [&hellip;]<\/p>\n","protected":false},"author":123457,"featured_media":186081,"comment_status":"open","ping_status":"open","sticky":false,"template":"","format":"standard","meta":{"ub_ctt_via":"","_mi_skip_tracking":false},"categories":[6],"tags":[],"featured_image_src":"https:\/\/www.messinaoggi.it\/website\/wp-content\/uploads\/2024\/02\/Screenshot_20240205_131559_Samsung-Notes-e1707135474685.jpg","author_info":{"display_name":"Michele Bruno","author_link":"https:\/\/www.messinaoggi.it\/website\/author\/michele-bruno\/"},"digistream_id":0,"digistream":false,"_links":{"self":[{"href":"https:\/\/www.messinaoggi.it\/website\/wp-json\/wp\/v2\/posts\/186079"}],"collection":[{"href":"https:\/\/www.messinaoggi.it\/website\/wp-json\/wp\/v2\/posts"}],"about":[{"href":"https:\/\/www.messinaoggi.it\/website\/wp-json\/wp\/v2\/types\/post"}],"author":[{"embeddable":true,"href":"https:\/\/www.messinaoggi.it\/website\/wp-json\/wp\/v2\/users\/123457"}],"replies":[{"embeddable":true,"href":"https:\/\/www.messinaoggi.it\/website\/wp-json\/wp\/v2\/comments?post=186079"}],"version-history":[{"count":2,"href":"https:\/\/www.messinaoggi.it\/website\/wp-json\/wp\/v2\/posts\/186079\/revisions"}],"predecessor-version":[{"id":186083,"href":"https:\/\/www.messinaoggi.it\/website\/wp-json\/wp\/v2\/posts\/186079\/revisions\/186083"}],"wp:featuredmedia":[{"embeddable":true,"href":"https:\/\/www.messinaoggi.it\/website\/wp-json\/wp\/v2\/media\/186081"}],"wp:attachment":[{"href":"https:\/\/www.messinaoggi.it\/website\/wp-json\/wp\/v2\/media?parent=186079"}],"wp:term":[{"taxonomy":"category","embeddable":true,"href":"https:\/\/www.messinaoggi.it\/website\/wp-json\/wp\/v2\/categories?post=186079"},{"taxonomy":"post_tag","embeddable":true,"href":"https:\/\/www.messinaoggi.it\/website\/wp-json\/wp\/v2\/tags?post=186079"}],"curies":[{"name":"wp","href":"https:\/\/api.w.org\/{rel}","templated":true}]}}