{"id":186074,"date":"2024-02-05T12:08:00","date_gmt":"2024-02-05T11:08:00","guid":{"rendered":"https:\/\/www.messinaoggi.it\/website\/2024\/02\/05\/meloni-lavoro-per-uneuropa-che-sia-capace-di-raccogliere-le-sfide\/"},"modified":"2024-02-05T12:08:00","modified_gmt":"2024-02-05T11:08:00","slug":"meloni-lavoro-per-uneuropa-che-sia-capace-di-raccogliere-le-sfide","status":"publish","type":"post","link":"https:\/\/www.messinaoggi.it\/website\/2024\/02\/05\/meloni-lavoro-per-uneuropa-che-sia-capace-di-raccogliere-le-sfide\/","title":{"rendered":"Meloni \u201cLavoro per un\u2019Europa che sia capace di raccogliere le sfide\u201d"},"content":{"rendered":"<div>ROMA (ITALPRESS) &#8211; &#8220;Ogni nazione europea ha le proprie dinamiche politiche, che solo in parte possono essere attribuite a tendenze generali. Sono tuttavia convinto, e la mia azione politica si \u00e8 sempre ispirata a questa convinzione, che i popoli del nostro continente vogliono un&#8217;Europa che sappia giocare un ruolo da protagonista sulla scena globale, senza tradire o prevaricare le identit\u00e0 nazionali. Intendo continuare a lavorare per un&#8217;Europa che sia un colosso politico e non burocratico, cio\u00e8 capace di raccogliere le sfide che richiedono l&#8217;unit\u00e0 tra le nazioni del continente, lasciando invece ai governi nazionali il compito di affrontare quelle politiche che possono essere attuate al meglio dalle istituzioni pi\u00f9 vicine ai cittadini&#8221;. Cos\u00ec il presidente del Consiglio Giorgia Meloni in una intervista al giornale giapponese &#8220;The Yomiuri Shimbun&#8221;.<div id=\"div-gpt-ad-Messinaoggi.it-DSK-300x250-corpoart\" style=\"text-align:center;margin:0 auto;\"><\/div><\/p>\n<p>Foto: Agenzia Fotogramma<div id=\"videoincontent\" style=\"clear:both\";><\/div><\/p>\n<p>(ITALPRESS).<\/p><\/div>\n","protected":false},"excerpt":{"rendered":"<p>ROMA (ITALPRESS) &#8211; &#8220;Ogni nazione europea ha le proprie dinamiche politiche, che solo in parte possono essere attribuite a tendenze generali. Sono tuttavia convinto, e la mia azione politica si \u00e8 sempre ispirata a questa convinzione, che i popoli del nostro continente vogliono un&#8217;Europa che sappia giocare un ruolo da protagonista sulla scena globale, senza [&hellip;]<\/p>\n","protected":false},"author":18,"featured_media":186075,"comment_status":"closed","ping_status":"closed","sticky":false,"template":"","format":"standard","meta":{"ub_ctt_via":"","_mi_skip_tracking":false},"categories":[446],"tags":[783],"featured_image_src":"https:\/\/www.messinaoggi.it\/website\/wp-content\/uploads\/2024\/02\/20240205_0200.jpg","author_info":{"display_name":"Admin","author_link":"https:\/\/www.messinaoggi.it\/website\/author\/admin\/"},"digistream_id":0,"digistream":false,"_links":{"self":[{"href":"https:\/\/www.messinaoggi.it\/website\/wp-json\/wp\/v2\/posts\/186074"}],"collection":[{"href":"https:\/\/www.messinaoggi.it\/website\/wp-json\/wp\/v2\/posts"}],"about":[{"href":"https:\/\/www.messinaoggi.it\/website\/wp-json\/wp\/v2\/types\/post"}],"author":[{"embeddable":true,"href":"https:\/\/www.messinaoggi.it\/website\/wp-json\/wp\/v2\/users\/18"}],"replies":[{"embeddable":true,"href":"https:\/\/www.messinaoggi.it\/website\/wp-json\/wp\/v2\/comments?post=186074"}],"version-history":[{"count":0,"href":"https:\/\/www.messinaoggi.it\/website\/wp-json\/wp\/v2\/posts\/186074\/revisions"}],"wp:featuredmedia":[{"embeddable":true,"href":"https:\/\/www.messinaoggi.it\/website\/wp-json\/wp\/v2\/media\/186075"}],"wp:attachment":[{"href":"https:\/\/www.messinaoggi.it\/website\/wp-json\/wp\/v2\/media?parent=186074"}],"wp:term":[{"taxonomy":"category","embeddable":true,"href":"https:\/\/www.messinaoggi.it\/website\/wp-json\/wp\/v2\/categories?post=186074"},{"taxonomy":"post_tag","embeddable":true,"href":"https:\/\/www.messinaoggi.it\/website\/wp-json\/wp\/v2\/tags?post=186074"}],"curies":[{"name":"wp","href":"https:\/\/api.w.org\/{rel}","templated":true}]}}