{"id":186066,"date":"2024-02-05T11:08:02","date_gmt":"2024-02-05T10:08:02","guid":{"rendered":"https:\/\/www.messinaoggi.it\/website\/2024\/02\/05\/abodi-corsa-contro-tempo-per-pista-da-bob-milano-cortina\/"},"modified":"2024-02-05T11:08:02","modified_gmt":"2024-02-05T10:08:02","slug":"abodi-corsa-contro-tempo-per-pista-da-bob-milano-cortina","status":"publish","type":"post","link":"https:\/\/www.messinaoggi.it\/website\/2024\/02\/05\/abodi-corsa-contro-tempo-per-pista-da-bob-milano-cortina\/","title":{"rendered":"Abodi \u201cCorsa contro tempo per pista da bob Milano-Cortina\u201d"},"content":{"rendered":"<div>ROMA (ITALPRESS) &#8211; &#8220;Per la pista da bob \u00e8 una corsa contro il tempo, d&#8217;altro canto organizzare un&#8217;Olimpiade e una Paralimpiade \u00e8 sempre estremamente complesso. Siamo arrivati un anno fa trovando dei ritardi che abbiamo cercato e stiamo cercando tutti insieme di recuperare. Penso si faccia il tifo per una soluzione definitiva, questo cantiere che si apre per qualcuno \u00e8 ancora un segnale negativo, noi dobbiamo cercare di trasformarlo in un riscatto non solo dello sport ma anche del sistema italiano nel suo complesso. Non sar\u00e0 semplice, ma noi facciamo solo il tifo per l&#8217;Italia&#8221;. Cos\u00ec ai microfoni di &#8216;Radio Anch&#8217;io Sport&#8217; su Rai Radio 1 Andrea Abodi, ministro per lo Sport e i Giovani, sui tempi per costruire la pista da bob, skeleton e slittino per le Olimpiadi e Paralimpiadi di Milano-Cortina 2026. &#8220;A due anni dal via la previsione di spesa \u00e8 lievitata da 2,8 a 3,6 miliardi di euro? Questo \u00e8 un dato che va chiarito &#8211; prosegue Abodi &#8211; Ci sono due macrovoci: 1,6 miliardi per l&#8217;organizzazione dei Giochi, nelle disponibilit\u00e0 della Fondazione Milano-Cortina, di cui circa un terzo direttamente dal Comitato Olimpico internazionale, attraverso la commercializzazione dei ritti internazionali. Stiamo cercando l&#8217;obiettivo del pareggio del bilancio&#8221;. &#8220;Il numero &#8211; aggiunge &#8211; non \u00e8 mai cambiato, anzi l&#8217;amministratore delegato Andrea Varnier sta cercando di rifinirlo al ribasso, senza pregiudicare la qualit\u00e0 dell&#8217;organizzazione. E poi ci sono i 3,6 miliardi per le  opere pubbliche, per le quali pi\u00f9 del 90% \u00e8 dedicato a infrastrutture di collegamento su gomma e su ferro che torneranno utili a tutto il territorio olimpico, il pi\u00f9 ampio di sempre nella storia olimpica. Confondere questi due numeri genera nei confronti dell&#8217;opinione pubblica qualche ragionevole dubbio, ma non \u00e8 cos\u00ec. Quei due dati sono costanti&#8221;. Il ministro dell&#8217;economia, Giorgetti, si \u00e8 detto quasi pentito di aver promosso i Giochi: &#8220;Forse \u00e8 stata una battuta, anzi ha detto che si trattava di una battuta e la considero tale. Conosco la decisione con cui anche adesso sta supportando tutte le iniziative che riguardano i Giochi, dall&#8217;organizzazione alle opere pubbliche. Ci vuole un p\u00f2 di sano pragmatismo. Non facciamo il tifo contro noi stessi. Poi il tempo stabilir\u00e0 se saremo stati in grado di raggiungere tutti gli obiettivi. Certamente sar\u00e0 l&#8217;Olimpiade pi\u00f9 bella di sempre. Mi auguro che a questo sentimento si associ anche questa collaborazione e non il disfattismo che qualche volta serpeggia nelle nostre file&#8221;. Il ministro per lo Sport e i Giovani si sofferma anche sul tema del razzismo negli stadi: &#8220;Ci saranno altre iniziative contro il razzismo, bisogna sempre cercare di precedere la cronaca e non seguirla e quindi subirla. E&#8217; il tempo degli interventi perentori, come \u00e8 stato fatto a Udine. In poche ore sono stati individuati i responsabili e sono stati allontanati dallo stadio. Vorrei sottolineare la correttezza e la tempestivit\u00e0  della societ\u00e0 dell&#8217;Udinese, tra le pi\u00f9 impegnate dal punto di vista della responsabilit\u00e0 sociale. I responsabili non potranno pi\u00f9 entrare allo stadio: in parte mitigher\u00e0 l&#8217;amarezza, ma non limiter\u00e0 il rischio che episodi di razzismo si ripetano ancora. Bisogna essere efficaci, tempestivi, le norme ci sono, se sar\u00e0 necessario vedremo cosa fare ulteriormente. Ci sono delle proposte &#8211; conclude Abodi &#8211; le stiamo facendo insieme al ministro dell&#8217;interno Piantedosi&#8221;.<br \/>&#8211; Foto Image &#8211;<br \/>(ITALPRESS).<\/div>\n<div id=\"div-gpt-ad-Messinaoggi.it-DSK-300x250-corpoart\" style=\"text-align:center;margin:0 auto;\"><\/div><\/p><div id=\"videoincontent\" style=\"clear:both\";><\/div>","protected":false},"excerpt":{"rendered":"<p>ROMA (ITALPRESS) &#8211; &#8220;Per la pista da bob \u00e8 una corsa contro il tempo, d&#8217;altro canto organizzare un&#8217;Olimpiade e una Paralimpiade \u00e8 sempre estremamente complesso. Siamo arrivati un anno fa trovando dei ritardi che abbiamo cercato e stiamo cercando tutti insieme di recuperare. Penso si faccia il tifo per una soluzione definitiva, questo cantiere che [&hellip;]<\/p>\n","protected":false},"author":18,"featured_media":186067,"comment_status":"closed","ping_status":"closed","sticky":false,"template":"","format":"standard","meta":{"ub_ctt_via":"","_mi_skip_tracking":false},"categories":[446],"tags":[783],"featured_image_src":"https:\/\/www.messinaoggi.it\/website\/wp-content\/uploads\/2024\/02\/20240205_0103.jpg","author_info":{"display_name":"Admin","author_link":"https:\/\/www.messinaoggi.it\/website\/author\/admin\/"},"digistream_id":0,"digistream":false,"_links":{"self":[{"href":"https:\/\/www.messinaoggi.it\/website\/wp-json\/wp\/v2\/posts\/186066"}],"collection":[{"href":"https:\/\/www.messinaoggi.it\/website\/wp-json\/wp\/v2\/posts"}],"about":[{"href":"https:\/\/www.messinaoggi.it\/website\/wp-json\/wp\/v2\/types\/post"}],"author":[{"embeddable":true,"href":"https:\/\/www.messinaoggi.it\/website\/wp-json\/wp\/v2\/users\/18"}],"replies":[{"embeddable":true,"href":"https:\/\/www.messinaoggi.it\/website\/wp-json\/wp\/v2\/comments?post=186066"}],"version-history":[{"count":0,"href":"https:\/\/www.messinaoggi.it\/website\/wp-json\/wp\/v2\/posts\/186066\/revisions"}],"wp:featuredmedia":[{"embeddable":true,"href":"https:\/\/www.messinaoggi.it\/website\/wp-json\/wp\/v2\/media\/186067"}],"wp:attachment":[{"href":"https:\/\/www.messinaoggi.it\/website\/wp-json\/wp\/v2\/media?parent=186066"}],"wp:term":[{"taxonomy":"category","embeddable":true,"href":"https:\/\/www.messinaoggi.it\/website\/wp-json\/wp\/v2\/categories?post=186066"},{"taxonomy":"post_tag","embeddable":true,"href":"https:\/\/www.messinaoggi.it\/website\/wp-json\/wp\/v2\/tags?post=186066"}],"curies":[{"name":"wp","href":"https:\/\/api.w.org\/{rel}","templated":true}]}}