{"id":186062,"date":"2024-02-05T11:07:59","date_gmt":"2024-02-05T10:07:59","guid":{"rendered":"https:\/\/www.messinaoggi.it\/website\/2024\/02\/05\/con-il-world-nutella-day-al-via-le-celebrazioni-per-il-60-compleanno\/"},"modified":"2024-02-05T11:07:59","modified_gmt":"2024-02-05T10:07:59","slug":"con-il-world-nutella-day-al-via-le-celebrazioni-per-il-60-compleanno","status":"publish","type":"post","link":"https:\/\/www.messinaoggi.it\/website\/2024\/02\/05\/con-il-world-nutella-day-al-via-le-celebrazioni-per-il-60-compleanno\/","title":{"rendered":"Con il World Nutella Day al via le celebrazioni per il 60\u00b0 compleanno"},"content":{"rendered":"<div>CUNEO (ITALPRESS) &#8211; Luned\u00ec 5 febbraio 2024, mentre gli appassionati e i fan di tutto il mondo si uniscono per celebrare il World Nutella Day, Nutella segna un altro importante traguardo, dando il via ai festeggiamenti per il suo 60\u00b0 compleanno.<br \/>Da sessant&#8217;anni, infatti, milioni di persone in tutto il mondo iniziano la loro giornata con tutta la positivit\u00e0, il gusto e il divertimento di Nutella. Dalle sue origini, nel 1964, ad Alba una citt\u00e0 del Piemonte, Nutella si \u00e8 evoluta diventando un marchio globale iconico e amato, festeggiato ogni anno in occasione del World Nutella Day, una ricorrenza nata spontaneamente nel 2007 grazie alla blogger americana Sara Rosso, che decise di creare una giornata celebrativa per riunire la community mondiale e ispirarla a condividere sui social media la passione per la crema alla nocciola e cacao pi\u00f9 famosa al mondo.<br \/>Lo spirito di innovazione e imprenditorialit\u00e0 che ha aiutato il marchio a evolversi e innovarsi rimane vivo anche a sessant&#8217;anni dalla sua nascita, offrendo alle persone modi sempre nuovi di gustare Nutella: dal lancio del primo snack on-the-go con Nutella &amp;GO! nel 2005, passando per Nutella B-ready, lanciato nel 2015, fino a Nutella Biscuits, il primo e unico biscotto con un cuore cremoso di Nutella, nel 2019. Pi\u00f9 recentemente, il marchio ha ampliato la sua gamma di prodotti da forno con Nutella Muffin nel 2020 e Nutella Croissant nel 2023. Senza dimenticare l&#8217;apertura a Chicago, nel 2017, del Nutella Caf\u00e8, che attira visitatori da tutto il mondo e si configura come una meta imperdibile per i fan della crema alle nocciole e cacao amata da milioni di persone. Ma l&#8217;innovazione di Ferrero non si ferma qui e presto sugli scaffali arriveranno nuovi modi di gustare la Nutella.<br \/>Giovanni Ferrero, Presidente Esecutivo del Gruppo Ferrero, dichiara: &#8220;In occasione del World Nutella Day, celebriamo un marchio globale guidato da uno spirito innovativo e sessant&#8217;anni di storia. Grazie al gusto unico di Nutella, negli ultimi anni abbiamo creato una gamma di nuovi prodotti, come Nutella B-ready, Nutella Biscuits, Nutella Muffin e Nutella Croissant. Guardando al futuro, continueremo a impegnarci per innovare, valorizzando questa eredit\u00e0 e trovando modi sempre nuovi per offrire ai fan tutta la positivit\u00e0 di Nutella. Da sessant&#8217;anni, infatti, diffondiamo sorrisi in tutto il mondo e, attraverso la passione, la creativit\u00e0 e l&#8217;innovazione, Nutella continuer\u00e0 a far sorridere i consumatori negli anni a venire&#8221;. Nutella ha come primo ingrediente la positivit\u00e0 e, fin dalla sua nascita, diffonde sorrisi in tutto il mondo.<br \/>Ecco perch\u00e8, oltre a celebrare il World Nutella Day 2024, il marchio inizier\u00e0 le celebrazioni per il suo 60\u00b0 compleanno con la campagna #GiveANutellaSmile, creando occasioni per far sorridere i propri fan in tutte le aree geografiche. Perch\u00e8 i sorrisi sono contagiosi: pi\u00f9 sorridiamo, pi\u00f9 si diffondono.<br \/>Il marchio lancer\u00e0 anche una serie di nuovi vasetti di Nutella in edizione limitata, ognuno dei quali sar\u00e0 caratterizzato con una dedica speciale per le persone importanti per noi. Da &#8220;per te, che rendi straordinario ogni giorno&#8221; a &#8220;per te, che hai la musica dentro&#8221;, ogni vasetto far\u00e0 sorridere la persona a cui sar\u00e0 dedicato.<br \/>Nutella sar\u00e0 inoltre protagonista di una campagna multicanale, che include un nuovo spot televisivo, il quale mostrer\u00e0 agli spettatori come un singolo sorriso possa illuminare ogni giornata, e un&#8217;attivazione digitale, attraverso cui i consumatori potranno configurare il proprio barattolo virtuale, personalizzandolo con una dedica, e condividerlo con una persona cara. Baster\u00e0 infatti collegarsi al sito www.nutella.com dalle ore 12:00 del 19 febbraio 2024 alle ore 23:00 del 31 agosto 2024 per scaricare una cartolina digitale personalizzata con un vasetto Nutella e un messaggio speciale a scelta tra quelli a disposizione.<br \/>-foto ufficio stampa Ferrero &#8211;<br \/>(ITALPRESS).<\/div>\n<div id=\"div-gpt-ad-Messinaoggi.it-DSK-300x250-corpoart\" style=\"text-align:center;margin:0 auto;\"><\/div><\/p><div id=\"videoincontent\" style=\"clear:both\";><\/div>","protected":false},"excerpt":{"rendered":"<p>CUNEO (ITALPRESS) &#8211; Luned\u00ec 5 febbraio 2024, mentre gli appassionati e i fan di tutto il mondo si uniscono per celebrare il World Nutella Day, Nutella segna un altro importante traguardo, dando il via ai festeggiamenti per il suo 60\u00b0 compleanno.Da sessant&#8217;anni, infatti, milioni di persone in tutto il mondo iniziano la loro giornata con [&hellip;]<\/p>\n","protected":false},"author":18,"featured_media":186063,"comment_status":"closed","ping_status":"closed","sticky":false,"template":"","format":"standard","meta":{"ub_ctt_via":"","_mi_skip_tracking":false},"categories":[446],"tags":[783],"featured_image_src":"https:\/\/www.messinaoggi.it\/website\/wp-content\/uploads\/2024\/02\/20240205_0075.jpg","author_info":{"display_name":"Admin","author_link":"https:\/\/www.messinaoggi.it\/website\/author\/admin\/"},"digistream_id":0,"digistream":false,"_links":{"self":[{"href":"https:\/\/www.messinaoggi.it\/website\/wp-json\/wp\/v2\/posts\/186062"}],"collection":[{"href":"https:\/\/www.messinaoggi.it\/website\/wp-json\/wp\/v2\/posts"}],"about":[{"href":"https:\/\/www.messinaoggi.it\/website\/wp-json\/wp\/v2\/types\/post"}],"author":[{"embeddable":true,"href":"https:\/\/www.messinaoggi.it\/website\/wp-json\/wp\/v2\/users\/18"}],"replies":[{"embeddable":true,"href":"https:\/\/www.messinaoggi.it\/website\/wp-json\/wp\/v2\/comments?post=186062"}],"version-history":[{"count":0,"href":"https:\/\/www.messinaoggi.it\/website\/wp-json\/wp\/v2\/posts\/186062\/revisions"}],"wp:featuredmedia":[{"embeddable":true,"href":"https:\/\/www.messinaoggi.it\/website\/wp-json\/wp\/v2\/media\/186063"}],"wp:attachment":[{"href":"https:\/\/www.messinaoggi.it\/website\/wp-json\/wp\/v2\/media?parent=186062"}],"wp:term":[{"taxonomy":"category","embeddable":true,"href":"https:\/\/www.messinaoggi.it\/website\/wp-json\/wp\/v2\/categories?post=186062"},{"taxonomy":"post_tag","embeddable":true,"href":"https:\/\/www.messinaoggi.it\/website\/wp-json\/wp\/v2\/tags?post=186062"}],"curies":[{"name":"wp","href":"https:\/\/api.w.org\/{rel}","templated":true}]}}