{"id":186016,"date":"2024-02-04T11:08:06","date_gmt":"2024-02-04T10:08:06","guid":{"rendered":"https:\/\/www.messinaoggi.it\/website\/2024\/02\/04\/gli-stonati-a-sanremo-raccontano-in-un-podcast-i-segreti-del-festival\/"},"modified":"2024-02-04T12:13:15","modified_gmt":"2024-02-04T11:13:15","slug":"gli-stonati-a-sanremo-raccontano-in-un-podcast-i-segreti-del-festival","status":"publish","type":"post","link":"https:\/\/www.messinaoggi.it\/website\/2024\/02\/04\/gli-stonati-a-sanremo-raccontano-in-un-podcast-i-segreti-del-festival\/","title":{"rendered":"Gli \u201cStonati a Sanremo\u201d raccontano in un podcast i segreti del festival"},"content":{"rendered":"<div>MILANO (ITALPRESS) &#8211; &#8220;Stonati a Sanremo &#8211; 40 adolescenti senza pass&#8221; \u00e8 il podcast di Radioimmaginaria, la radio degli adolescenti, per RaiPlaySound. <br \/>Portavoce di questa categoria di adolescenti sono gli speaker di Radioimmaginaria (chiamati &#8220;Gli Stonati&#8221; per l&#8217;occasione) che cercheranno di infiltrarsi per scoprire i segreti di cui normalmente in pochi si occupano.<br \/>Chi c&#8217;\u00e8 dietro il Festival? E&#8217; dietro le canzoni? Come si fa a realizzare uno spettacolo cos\u00ec?<br \/>Gli stonati, alla continua ricerca di un pass, proveranno a rispondere a queste e tante altre domande. <br \/>Per riuscire in questa loro missione avranno una complice: Greta Esposito attrice che ha recitato in Mare Fuori, Mixed By Erry, nel Gattopardo&#8230;<br \/>&#8220;Stonati a Sanremo &#8211; 40 adolescenti senza pass&#8221; \u00e8 un podcast che andr\u00e0 in onda da luned\u00ec 5 a domenica 11 febbraio su RaiPlaySound e Spotify.<br \/>&#8211; foto ufficio stampa Radioimmaginaria &#8211; <br \/>(ITALPRESS).<\/div>\n<div id=\"div-gpt-ad-Messinaoggi.it-DSK-300x250-corpoart\" style=\"text-align:center;margin:0 auto;\"><\/div><\/p><div id=\"videoincontent\" style=\"clear:both\";><\/div>","protected":false},"excerpt":{"rendered":"<p>MILANO (ITALPRESS) &#8211; &#8220;Stonati a Sanremo &#8211; 40 adolescenti senza pass&#8221; \u00e8 il podcast di Radioimmaginaria, la radio degli adolescenti, per RaiPlaySound. Portavoce di questa categoria di adolescenti sono gli speaker di Radioimmaginaria (chiamati &#8220;Gli Stonati&#8221; per l&#8217;occasione) che cercheranno di infiltrarsi per scoprire i segreti di cui normalmente in pochi si occupano.Chi c&#8217;\u00e8 dietro [&hellip;]<\/p>\n","protected":false},"author":18,"featured_media":186017,"comment_status":"closed","ping_status":"closed","sticky":false,"template":"","format":"standard","meta":{"ub_ctt_via":"","_mi_skip_tracking":false},"categories":[446,17],"tags":[783],"featured_image_src":"https:\/\/www.messinaoggi.it\/website\/wp-content\/uploads\/2024\/02\/20240204_0098.jpg","author_info":{"display_name":"Admin","author_link":"https:\/\/www.messinaoggi.it\/website\/author\/admin\/"},"digistream_id":0,"digistream":false,"_links":{"self":[{"href":"https:\/\/www.messinaoggi.it\/website\/wp-json\/wp\/v2\/posts\/186016"}],"collection":[{"href":"https:\/\/www.messinaoggi.it\/website\/wp-json\/wp\/v2\/posts"}],"about":[{"href":"https:\/\/www.messinaoggi.it\/website\/wp-json\/wp\/v2\/types\/post"}],"author":[{"embeddable":true,"href":"https:\/\/www.messinaoggi.it\/website\/wp-json\/wp\/v2\/users\/18"}],"replies":[{"embeddable":true,"href":"https:\/\/www.messinaoggi.it\/website\/wp-json\/wp\/v2\/comments?post=186016"}],"version-history":[{"count":1,"href":"https:\/\/www.messinaoggi.it\/website\/wp-json\/wp\/v2\/posts\/186016\/revisions"}],"predecessor-version":[{"id":186020,"href":"https:\/\/www.messinaoggi.it\/website\/wp-json\/wp\/v2\/posts\/186016\/revisions\/186020"}],"wp:featuredmedia":[{"embeddable":true,"href":"https:\/\/www.messinaoggi.it\/website\/wp-json\/wp\/v2\/media\/186017"}],"wp:attachment":[{"href":"https:\/\/www.messinaoggi.it\/website\/wp-json\/wp\/v2\/media?parent=186016"}],"wp:term":[{"taxonomy":"category","embeddable":true,"href":"https:\/\/www.messinaoggi.it\/website\/wp-json\/wp\/v2\/categories?post=186016"},{"taxonomy":"post_tag","embeddable":true,"href":"https:\/\/www.messinaoggi.it\/website\/wp-json\/wp\/v2\/tags?post=186016"}],"curies":[{"name":"wp","href":"https:\/\/api.w.org\/{rel}","templated":true}]}}