{"id":18598,"date":"2018-04-24T16:34:14","date_gmt":"2018-04-24T14:34:14","guid":{"rendered":"http:\/\/www.messinaoggi.it\/website\/?p=18598"},"modified":"2018-04-24T16:34:14","modified_gmt":"2018-04-24T14:34:14","slug":"ex-foscolo-e-non-solo-lunione-inquilini-invoca-piu-attenzione-ed-occupa-laula-consiliare","status":"publish","type":"post","link":"https:\/\/www.messinaoggi.it\/website\/2018\/04\/24\/ex-foscolo-e-non-solo-lunione-inquilini-invoca-piu-attenzione-ed-occupa-laula-consiliare\/","title":{"rendered":"Ex Foscolo e non solo, l&#039;Unione Inquilini invoca pi\u00f9 attenzione ed occupa l&#039;aula consiliare"},"content":{"rendered":"<p style=\"text-align: justify\">Non ci sono solo gli \u201cabitanti\u201d della scuola Ugo Foscolo tra il nucleo di persone che nella tarda mattinata odierna hanno occupato l\u2019aula consiliare, un\u2019occupazione sponsorizzata dal sindacato Unione Inquilini sempre attento alla crisi abitativa in citt\u00e0. Non sono mancati i momenti di tensione, gli occupanti hanno cercato un confronto con i consiglieri presenti facendo irruzione durante la seduta della commissione presieduta d a Maurizio Rella, che per\u00f2 ha ritenuto di non proseguire oltre e chiudere anzitempo i giochi.<div id=\"div-gpt-ad-Messinaoggi.it-DSK-300x250-corpoart\" style=\"text-align:center;margin:0 auto;\"><\/div><\/p>\n<p style=\"text-align: justify\">Il responsabile del sindacato, Antonio Curr\u00f2, spiega i motivi dell\u2019occupazione: <em>\u201cIl diritto alla casa in questa citt\u00e0 viene vista come una concessione, che si possa tollerare un\u2019abitazione con standard di qualit\u00e0 ridotti. In altre parole si deve accettare di vivere in una sottospecie di casa, qui abbiamo gli occupanti della Foscolo ma anche altre persone che a breve riceveranno lo sfratto. Non c\u2019\u00e8 attenzione per le politiche della casa, il bando per 25 alloggi \u00e8 poca cosa che scatener\u00e0 una guerra tra poveri. E\u2019 stato chiesto l\u2019allargamento per le aule della Foscolo, ma i lavori devono ancora partire. E\u2019 stato chiesto un piccolo contributo per l\u2019energia elettrica, oltre a quello che gi\u00e0 viene dato dalla Caritas, ma anche qui attendiamo risposta\u201d<\/em>.<div id=\"videoincontent\" style=\"clear:both\";><\/div><\/p>\n<p style=\"text-align: justify\">Curr\u00f2 attacca l\u2019assessore ai servizi sociali, Nina Santisi: \u201c<em>Ho chiesto un incontro con lei e con il dirigente, Zaccone, dopo oltre un mese attendiamo la risposta. Il bando per la morosit\u00e0 incolpevole deve partire, quello bando non va bene. Purtroppo il risanamento va a rilento, tante zone reclamano\u00a0 attenzione ma le risposte latitano\u201d.<\/em><\/p>\n","protected":false},"excerpt":{"rendered":"<p>Non ci sono solo gli \u201cabitanti\u201d della scuola Ugo Foscolo tra il nucleo di persone che nella tarda mattinata odierna hanno occupato l\u2019aula consiliare, un\u2019occupazione sponsorizzata dal sindacato Unione Inquilini sempre attento alla crisi abitativa in citt\u00e0. Non sono mancati i momenti di tensione, gli occupanti hanno cercato un confronto con i consiglieri presenti facendo [&hellip;]<\/p>\n","protected":false},"author":14,"featured_media":18599,"comment_status":"closed","ping_status":"open","sticky":false,"template":"","format":"standard","meta":{"ub_ctt_via":"","_mi_skip_tracking":false},"categories":[6],"tags":[],"featured_image_src":"https:\/\/www.messinaoggi.it\/website\/wp-content\/uploads\/2018\/04\/unione-inquilini-1.jpg","author_info":{"display_name":"Antonio Macauda","author_link":"https:\/\/www.messinaoggi.it\/website\/author\/a-macauda\/"},"digistream_id":0,"digistream":false,"_links":{"self":[{"href":"https:\/\/www.messinaoggi.it\/website\/wp-json\/wp\/v2\/posts\/18598"}],"collection":[{"href":"https:\/\/www.messinaoggi.it\/website\/wp-json\/wp\/v2\/posts"}],"about":[{"href":"https:\/\/www.messinaoggi.it\/website\/wp-json\/wp\/v2\/types\/post"}],"author":[{"embeddable":true,"href":"https:\/\/www.messinaoggi.it\/website\/wp-json\/wp\/v2\/users\/14"}],"replies":[{"embeddable":true,"href":"https:\/\/www.messinaoggi.it\/website\/wp-json\/wp\/v2\/comments?post=18598"}],"version-history":[{"count":0,"href":"https:\/\/www.messinaoggi.it\/website\/wp-json\/wp\/v2\/posts\/18598\/revisions"}],"wp:featuredmedia":[{"embeddable":true,"href":"https:\/\/www.messinaoggi.it\/website\/wp-json\/wp\/v2\/media\/18599"}],"wp:attachment":[{"href":"https:\/\/www.messinaoggi.it\/website\/wp-json\/wp\/v2\/media?parent=18598"}],"wp:term":[{"taxonomy":"category","embeddable":true,"href":"https:\/\/www.messinaoggi.it\/website\/wp-json\/wp\/v2\/categories?post=18598"},{"taxonomy":"post_tag","embeddable":true,"href":"https:\/\/www.messinaoggi.it\/website\/wp-json\/wp\/v2\/tags?post=18598"}],"curies":[{"name":"wp","href":"https:\/\/api.w.org\/{rel}","templated":true}]}}