{"id":18596,"date":"2018-04-24T15:40:17","date_gmt":"2018-04-24T13:40:17","guid":{"rendered":"http:\/\/www.messinaoggi.it\/website\/?p=18596"},"modified":"2018-04-24T15:40:17","modified_gmt":"2018-04-24T13:40:17","slug":"refezione-scolastica-adesso-e-tutto-pronto-alagna-abbiamo-voluto-dire-basta-alle-soluzioni-tampone","status":"publish","type":"post","link":"https:\/\/www.messinaoggi.it\/website\/2018\/04\/24\/refezione-scolastica-adesso-e-tutto-pronto-alagna-abbiamo-voluto-dire-basta-alle-soluzioni-tampone\/","title":{"rendered":"Refezione scolastica, adesso \u00e8 tutto pronto. Alagna: &quot;Abbiamo voluto dire basta alle soluzioni tampone&quot;"},"content":{"rendered":"<p style=\"text-align: justify\">Il bando \u00e8 pronto, servono solo gli ultimi passi burocratici, poi saranno inviate le circolari a tutti i presidi delle scuole, a loro la scelta definitiva se far partire il servizio il 2 maggio oppure il prossimo mese di ottobre. Quello che importa \u00e8 che la refezione scolastica ci sar\u00e0 in modo continuativo fino all\u2019anno scolastico 2019-2020, basta provvedimenti-toppa come minibandi o proroghe, il Comune di Messina ha indetto la gara europea per un valore di oltre 2 milioni di euro. Ad aggiudicarsela \u00e8 stata la societ\u00e0 La Cascina con il supporto della Ristora Food Service con il ribasso del 29 %.<div id=\"div-gpt-ad-Messinaoggi.it-DSK-300x250-corpoart\" style=\"text-align:center;margin:0 auto;\"><\/div><\/p>\n<p style=\"text-align: justify\">Una notizia attesa per mesi dagli ottanta lavoratori del settore, ma anche dai genitori degli alunni delle scuole elementari cittadine. Adesso dovranno essere proprio loro ad informarsi nelle segreterie degli istituti scolastici per ricevere eventuali esenzioni, lo schema confermato dalla giunta rimane quello prodotto dall\u2019ex assessore Patrizia Panarello nel 2014. Si chiude quindi nel migliore dei modi una delle pagine con cui si \u00e8 spesso dovuta confrontare l\u2019amministrazione comunale, che fino alla fine ha portato avanti l\u2019idea che quello della mensa sia un servizio essenziale da garantire ad ogni costo, nonostante la legge dica ben altro.<div id=\"videoincontent\" style=\"clear:both\";><\/div><\/p>\n<p style=\"text-align: justify\">A questo proposito l\u2019assessore Federico Alagna ha sottolineato: \u201cChe un Comune stanzi 2 milioni di euro per un servizio ritenuto non divisibile dalla legge non \u00e8 un fattore scontato \u2013 ha dichiarato \u2013 noi abbiamo perseguito un concetto, cio\u00e8 quello che per noi la mensa va garantita, ho sentito il peso del futuro di ottanta lavoratori con cui mi sono sempre confrontato con serenit\u00e0 anche nei momenti pi\u00f9 difficili. Questo perch\u00e9 loro hanno capito che da parte mia c\u2019era tutta la voglia affinch\u00e8 si risolvesse tutto per il meglio. Dall\u2019ultimo studio di Save the Children si denota come un bambino su due non ha la mensa, mentre in Sicilia il tasso \u00e8 addirittura dell\u201980%\u201d.<\/p>\n<p style=\"text-align: justify\">Un provvedimento che per\u00f2 ha sollevato qualche polemica, soprattutto per i tempi con cui si \u00e8 arrivati alla conclusione della vicenda, i maligni hanno sentito puzza di \u201cazione elettorale\u201d. Su questo punto per\u00f2 Alagna ribatte: \u201cLa gara europea \u00e8 partita il 16 novembre, questi sono i tempi tecnici per essere espletata, non vi \u00e8 alcun secondo fine. Anzi, chi verr\u00e0 dopo trover\u00e0 un servizio che prima non era garantito con regolarit\u00e0. Avremmo potuto fare delle minigare, sarebbe stato un procedimento molto pi\u00f9 rapido ma non avremmo risolto il problema\u201d.<\/p>\n","protected":false},"excerpt":{"rendered":"<p>Il bando \u00e8 pronto, servono solo gli ultimi passi burocratici, poi saranno inviate le circolari a tutti i presidi delle scuole, a loro la scelta definitiva se far partire il servizio il 2 maggio oppure il prossimo mese di ottobre. Quello che importa \u00e8 che la refezione scolastica ci sar\u00e0 in modo continuativo fino all\u2019anno [&hellip;]<\/p>\n","protected":false},"author":14,"featured_media":18597,"comment_status":"closed","ping_status":"open","sticky":false,"template":"","format":"standard","meta":{"ub_ctt_via":"","_mi_skip_tracking":false},"categories":[6],"tags":[],"featured_image_src":"https:\/\/www.messinaoggi.it\/website\/wp-content\/uploads\/2018\/04\/alagna-1.jpg","author_info":{"display_name":"Antonio Macauda","author_link":"https:\/\/www.messinaoggi.it\/website\/author\/a-macauda\/"},"digistream_id":0,"digistream":false,"_links":{"self":[{"href":"https:\/\/www.messinaoggi.it\/website\/wp-json\/wp\/v2\/posts\/18596"}],"collection":[{"href":"https:\/\/www.messinaoggi.it\/website\/wp-json\/wp\/v2\/posts"}],"about":[{"href":"https:\/\/www.messinaoggi.it\/website\/wp-json\/wp\/v2\/types\/post"}],"author":[{"embeddable":true,"href":"https:\/\/www.messinaoggi.it\/website\/wp-json\/wp\/v2\/users\/14"}],"replies":[{"embeddable":true,"href":"https:\/\/www.messinaoggi.it\/website\/wp-json\/wp\/v2\/comments?post=18596"}],"version-history":[{"count":0,"href":"https:\/\/www.messinaoggi.it\/website\/wp-json\/wp\/v2\/posts\/18596\/revisions"}],"wp:featuredmedia":[{"embeddable":true,"href":"https:\/\/www.messinaoggi.it\/website\/wp-json\/wp\/v2\/media\/18597"}],"wp:attachment":[{"href":"https:\/\/www.messinaoggi.it\/website\/wp-json\/wp\/v2\/media?parent=18596"}],"wp:term":[{"taxonomy":"category","embeddable":true,"href":"https:\/\/www.messinaoggi.it\/website\/wp-json\/wp\/v2\/categories?post=18596"},{"taxonomy":"post_tag","embeddable":true,"href":"https:\/\/www.messinaoggi.it\/website\/wp-json\/wp\/v2\/tags?post=18596"}],"curies":[{"name":"wp","href":"https:\/\/api.w.org\/{rel}","templated":true}]}}