{"id":18586,"date":"2018-04-24T13:02:53","date_gmt":"2018-04-24T11:02:53","guid":{"rendered":"http:\/\/www.messinaoggi.it\/website\/?p=18586"},"modified":"2018-04-24T13:02:53","modified_gmt":"2018-04-24T11:02:53","slug":"marefestival-crea-una-partnership-con-la-fondazione-pablo-neruda","status":"publish","type":"post","link":"https:\/\/www.messinaoggi.it\/website\/2018\/04\/24\/marefestival-crea-una-partnership-con-la-fondazione-pablo-neruda\/","title":{"rendered":"Marefestival crea una partnership con la Fondazione Pablo Neruda"},"content":{"rendered":"<p>MareFestival Salina, la kermesse cinematografica intitolata a Massimo Troisi, \u00a0\u00a0sbarca in Cile per premiare e creare una partnership con la Fondazione\u00a0<strong>Pablo Neruda<\/strong>, nata nel 1986 e dedicata al pi\u00f9 grande poeta sudamericano, Premio Nobel per la letteratura nel 1971, che ispir\u00f2 il film &#8220;Il Postino&#8221; attraverso il romanzo di Antonio Sk\u00e0rmeta &#8220;El cartero de Neruda&#8221;.<br \/>\n&#8220;Abbiamo consegnato due Premi Troisi &#8211; spiega il direttore artistico<strong>\u00a0Massimiliano Cavaleri\u00a0<\/strong>&#8211; sculture realizzate ogni anno dal maestro\u00a0<strong>Antonello Arena<\/strong>\u00a0che raffigurano il manifesto della pellicola: il primo a<strong>\u00a0Javier Ormeno<\/strong>, responsabile delle collezioni, e\u00a0<strong>Carolina Briones\u00a0<\/strong>dell&#8217;archivio fotografico e audiovisivo della Fondazione a Santiago; il secondo, a\u00a0<strong>Carolina Rivas,<\/strong>\u00a0direttrice della casa-museo La Isla Negra. E&#8217; stata un&#8217;occasione per far conoscere alla comunit\u00e0 cilena la nostra manifestazione e l&#8217;isola in cui fu girato il film Premio Oscar e un modo per rendere memoria ad un personaggio straordinario della letteratura cilena&#8221;.<br \/>\nLa Fondazione \u00e8 molto attiva sul territorio e promuove iniziative volte a diffondere il patrimonio letterario nerudiano in altri paesi e mantenere vivo il ricordo della sua figura; le sue ville rappresentano una meta turistica imperdibile per chi visita il paese situato &#8220;alla fine del mondo&#8221;. Esistono tre residenze &#8211; museo visitate ogni anno da milioni di persone: La Chascona che sorge a Santiago, La Isla Negra sulla costa dell&#8217;oceano Pacifivalico e, poco pi\u00f9 a nord, la cittadina Valparaiso, patrimonio Unesco, ospita La Sebastiana e ciascuna \u00a0conserva l&#8217;assetto originale con l&#8217;obiettivo di ricreare l&#8217;atmosfera della vita dell&#8217;autore, che fu anche diplomatico, senatore, candidato presidente della nazione nel 1970 e ricevette il premio Lenin per la Pace.<br \/>\n<img loading=\"lazy\" class=\"alignnone size-medium wp-image-18587\" src=\"http:\/\/www.messinaoggi.it\/website\/wp-content\/uploads\/2018\/04\/Carolina-Rivas-e-Massimiliano-Cavaleri-267x300.jpg\" alt=\"\" width=\"267\" height=\"300\" \/><br \/>\nUna figura, quella di Pablo Neruda, \u00a0carismatica e poliedrica, amico di celebri artisti come Diego Rivera e Frida Kahlo, abile collezionista di oggetti, polene e preziosit\u00e0; instancabile &#8220;padrone di casa&#8221;, amante della buona cucina, del mare e dell&#8217;ospitalit\u00e0. Lo scrittore Gabriel Garcia Marquez lo defin\u00ec &#8220;il pi\u00f9 grande poeta del XX secolo, in qualsiasi lingua&#8221;; mor\u00ec nel 1973 poco prima del colpo di Stato del futuro dittatore Augusto Pinochet, che destitu\u00ec l&#8217;allora presidente Salvatore Allende, amico di Neruda.<br \/>\nNel prossimo anniversario dalla nascita (12 luglio 1904), MareFestival, giunto alla VII edizione\u00a0<strong>dall&#8217;11 al 15 luglio<\/strong>, render\u00e0 omaggio all&#8217; &#8220;artista della parola&#8221;, \u00a0con la proiezione di un documentario donato dalla Fondazione al Festival e un video a cura dell&#8217;archeologo\u00a0<strong>Leonardo Fuduli\u00a0<\/strong>e montato da<strong>\u00a0Antonio Grasso\u00a0<\/strong>che racconta la visita e la consegna dei riconoscimenti in Cile e raccoglie le testimonianze e i ringraziamenti dei premiati. \u00a0MareFestival Salina &#8211; Premio Troisi si svolge nei Comuni di Santa Marina Salina (sindaco Domenico Arabia) e Malfa (sindaco Clara Rametta) ed \u00e8 promosso dall&#8217;associazione culturale Prima Sicilia, guidata da Cavaleri,\u00a0<strong>Patrizia Casale<\/strong>\u00a0e\u00a0<strong>Francesco Cappello<\/strong>.<br \/>\nAncora una\u00a0 volta Marefestival crea emozioni magiche dalle quali lasciarsi travolgere facendo ricongiungere seppure idealmente i due poeti dell\u2019anima.<br \/>\n <div id=\"div-gpt-ad-Messinaoggi.it-DSK-300x250-corpoart\" style=\"text-align:center;margin:0 auto;\"><\/div><\/p>\n<div id=\"videoincontent\" style=\"clear:both\";><\/div>","protected":false},"excerpt":{"rendered":"<p>MareFestival Salina, la kermesse cinematografica intitolata a Massimo Troisi, \u00a0\u00a0sbarca in Cile per premiare e creare una partnership con la Fondazione\u00a0Pablo Neruda, nata nel 1986 e dedicata al pi\u00f9 grande poeta sudamericano, Premio Nobel per la letteratura nel 1971, che ispir\u00f2 il film &#8220;Il Postino&#8221; attraverso il romanzo di Antonio Sk\u00e0rmeta &#8220;El cartero de Neruda&#8221;. [&hellip;]<\/p>\n","protected":false},"author":5,"featured_media":18588,"comment_status":"closed","ping_status":"open","sticky":false,"template":"","format":"standard","meta":{"ub_ctt_via":"","_mi_skip_tracking":false},"categories":[17],"tags":[],"featured_image_src":"https:\/\/www.messinaoggi.it\/website\/wp-content\/uploads\/2018\/04\/Cavaleri-Ormeno-e-Briones-1.jpg","author_info":{"display_name":"Maria Antonella Saia","author_link":"https:\/\/www.messinaoggi.it\/website\/author\/m-saia\/"},"digistream_id":0,"digistream":false,"_links":{"self":[{"href":"https:\/\/www.messinaoggi.it\/website\/wp-json\/wp\/v2\/posts\/18586"}],"collection":[{"href":"https:\/\/www.messinaoggi.it\/website\/wp-json\/wp\/v2\/posts"}],"about":[{"href":"https:\/\/www.messinaoggi.it\/website\/wp-json\/wp\/v2\/types\/post"}],"author":[{"embeddable":true,"href":"https:\/\/www.messinaoggi.it\/website\/wp-json\/wp\/v2\/users\/5"}],"replies":[{"embeddable":true,"href":"https:\/\/www.messinaoggi.it\/website\/wp-json\/wp\/v2\/comments?post=18586"}],"version-history":[{"count":0,"href":"https:\/\/www.messinaoggi.it\/website\/wp-json\/wp\/v2\/posts\/18586\/revisions"}],"wp:featuredmedia":[{"embeddable":true,"href":"https:\/\/www.messinaoggi.it\/website\/wp-json\/wp\/v2\/media\/18588"}],"wp:attachment":[{"href":"https:\/\/www.messinaoggi.it\/website\/wp-json\/wp\/v2\/media?parent=18586"}],"wp:term":[{"taxonomy":"category","embeddable":true,"href":"https:\/\/www.messinaoggi.it\/website\/wp-json\/wp\/v2\/categories?post=18586"},{"taxonomy":"post_tag","embeddable":true,"href":"https:\/\/www.messinaoggi.it\/website\/wp-json\/wp\/v2\/tags?post=18586"}],"curies":[{"name":"wp","href":"https:\/\/api.w.org\/{rel}","templated":true}]}}