{"id":185751,"date":"2024-02-01T20:08:01","date_gmt":"2024-02-01T19:08:01","guid":{"rendered":"https:\/\/www.messinaoggi.it\/website\/2024\/02\/01\/italdavis-al-quirinale-mattarella-non-passera-tanto-dalla-prossima\/"},"modified":"2024-02-01T20:08:01","modified_gmt":"2024-02-01T19:08:01","slug":"italdavis-al-quirinale-mattarella-non-passera-tanto-dalla-prossima","status":"publish","type":"post","link":"https:\/\/www.messinaoggi.it\/website\/2024\/02\/01\/italdavis-al-quirinale-mattarella-non-passera-tanto-dalla-prossima\/","title":{"rendered":"Italdavis al Quirinale, Mattarella \u201cNon passer\u00e0 tanto dalla prossima\u201d"},"content":{"rendered":"<div>ROMA (ITALPRESS) &#8211; Prima la Coppa Davis, tornata in Italia dopo 47 anni, poi la vittoria agli Australian Open da parte di Sinner, primo italiano in campo maschile a vincere uno Slam dopo 48 anni. Trionfi che certificano il momento magico vissuto dal tennis italiano e che anche il Presidente della Repubblica, Sergio Mattarella, ha voluto sottolineare incontrando proprio gli azzurri vincitori della Coppa Davis 2023. All&#8217;incontro, nel quale la truppa azzurra ha consegnato una racchetta al capo dello Stato, c&#8217;erano anche il ministro dello sport e dei giovani Andrea Abodi, il presidente del Coni Giovanni Malag\u00f2 e il presidente Fitp Angelo Binaghi. &#8220;Da quel 26 novembre sono trascorsi 2 mesi ma non si \u00e8 attenuato l&#8217;entusiasmo. E&#8217; stata un&#8217;attesa lunga per me vera visto che 47 anni fa nessuno di voi era nato. Chi ha vissuto anche le precedenti vicende vi \u00e8 riconoscente perch\u00e8 attendeva questo risultato, sono convinto che non passer\u00e0 un intervallo cos\u00ec dalla prossima vittoria&#8221;, ha subito incalzato Mattarella. Quasi una certezza, pi\u00f9 che un augurio, che fa eco alla &#8220;promessa&#8221; di Angelo Binaghi. &#8220;Una vittoria storica che il nostro paese rincorreva da 47 anni. Abbiamo mantenuto la promessa che facemmo quando venimmo io e Berrettini insieme alla Nazionale di calcio vincitrice agli Europei. Avevamo promesso che saremmo tornati vincitori e ce l&#8217;abbiamo fatta. Non so se la Coppa Davis sia la gara pi\u00f9 importante nel tennis mondiale, ma so che \u00e8 la pi\u00f9 bella perch\u00e8 ti permette di combattere per i tuoi compagni e la tua famiglia&#8221; ha proseguito Binaghi prima di congedarsi con un&#8217;altra promessa: &#8220;Non passeranno altri 47 anni prima di venire a celebrare un altro grande successo&#8221;. Un entusiasmo, quello della squadra azzurra composta da Jannik Sinner, Lorenzo Sonego, Matteo Arnaldi, Simone Bolelli, Lorenzo Musetti e Andrea Vavassori, oltre a Matteo Berrettini e capitanata da Filippo Volandri, che l&#8217;intero movimento non vuole far spegnere fino alle Olimpiadi, grande appuntamento dell&#8217;anno come ha ricordato anche Giovanni Malag\u00f2 sottolineando che &#8220;c&#8217;\u00e8 soddisfazioni per le dichiarazioni di Sinner e dei compagni di voler partecipare ai Giochi Olimpici con la voglia di sfatare un altro tab\u00f9 per vincere una medaglia&#8221; che manca dal 1924 quando arriv\u00f2 la prima e unica gioia olimpica nel tennis con il bronzo di Uberto de Morpurgo. Appuntamento che anche il presidente Mattarella ha voluto ricordare &#8220;certi che farete il meglio&#8221;. Ma l&#8217;attenzione, neanche a dirlo, era tutta su Jannik Sinner, fresco vincitore degli Australian Open. Un pomeriggio speciale quello vissuto dal tennista altoatesino, ringraziato da Mattarella per l&#8217;impresa e per le emozioni tanto che il Capo dello Stato ha ammesso di aver visto la partita dal 4\u00b0 set quando &#8220;ero convinto che avrebbe vinto. E&#8217; stato un grande successo. Molti si attendono che lei vinca ovunque, ma \u00e8 giusto che non le si faccia nessuna pressione, come hanno fatto i suoi genitori, perch\u00e8 l&#8217;importante \u00e8 l&#8217;impegno che ci si mette&#8221; rivolgendosi direttamente a Sinner. Che ha risposto, seppur visibilmente emozionato, a tono, ringraziando il Presidente della Repubblica e focalizzandosi gi\u00e0 sul futuro: &#8220;Parlare di questo successo dopo 47 anni significa parlare di un trionfo con tanto sacrificio ma anche tanta voglia di vincere, una cosa molto bella e importante per questa Nazione. Portare la Coppa qui \u00e8 una grandissima emozione, per questo ringraziamo tutta la gente che ci sta guardando. Ora ci sono le Olimpiadi quest&#8217;anno e ognuno di noi prover\u00e0 a fare il meglio anche l\u00ec&#8221;. <br \/>&#8211; foto Image &#8211;<br \/>(ITALPRESS).<\/div>\n<div id=\"div-gpt-ad-Messinaoggi.it-DSK-300x250-corpoart\" style=\"text-align:center;margin:0 auto;\"><\/div><\/p><div id=\"videoincontent\" style=\"clear:both\";><\/div>","protected":false},"excerpt":{"rendered":"<p>ROMA (ITALPRESS) &#8211; Prima la Coppa Davis, tornata in Italia dopo 47 anni, poi la vittoria agli Australian Open da parte di Sinner, primo italiano in campo maschile a vincere uno Slam dopo 48 anni. Trionfi che certificano il momento magico vissuto dal tennis italiano e che anche il Presidente della Repubblica, Sergio Mattarella, ha [&hellip;]<\/p>\n","protected":false},"author":18,"featured_media":185752,"comment_status":"closed","ping_status":"closed","sticky":false,"template":"","format":"standard","meta":{"ub_ctt_via":"","_mi_skip_tracking":false},"categories":[446],"tags":[783],"featured_image_src":"https:\/\/www.messinaoggi.it\/website\/wp-content\/uploads\/2024\/02\/20240201_2498.jpg","author_info":{"display_name":"Admin","author_link":"https:\/\/www.messinaoggi.it\/website\/author\/admin\/"},"digistream_id":0,"digistream":false,"_links":{"self":[{"href":"https:\/\/www.messinaoggi.it\/website\/wp-json\/wp\/v2\/posts\/185751"}],"collection":[{"href":"https:\/\/www.messinaoggi.it\/website\/wp-json\/wp\/v2\/posts"}],"about":[{"href":"https:\/\/www.messinaoggi.it\/website\/wp-json\/wp\/v2\/types\/post"}],"author":[{"embeddable":true,"href":"https:\/\/www.messinaoggi.it\/website\/wp-json\/wp\/v2\/users\/18"}],"replies":[{"embeddable":true,"href":"https:\/\/www.messinaoggi.it\/website\/wp-json\/wp\/v2\/comments?post=185751"}],"version-history":[{"count":0,"href":"https:\/\/www.messinaoggi.it\/website\/wp-json\/wp\/v2\/posts\/185751\/revisions"}],"wp:featuredmedia":[{"embeddable":true,"href":"https:\/\/www.messinaoggi.it\/website\/wp-json\/wp\/v2\/media\/185752"}],"wp:attachment":[{"href":"https:\/\/www.messinaoggi.it\/website\/wp-json\/wp\/v2\/media?parent=185751"}],"wp:term":[{"taxonomy":"category","embeddable":true,"href":"https:\/\/www.messinaoggi.it\/website\/wp-json\/wp\/v2\/categories?post=185751"},{"taxonomy":"post_tag","embeddable":true,"href":"https:\/\/www.messinaoggi.it\/website\/wp-json\/wp\/v2\/tags?post=185751"}],"curies":[{"name":"wp","href":"https:\/\/api.w.org\/{rel}","templated":true}]}}