{"id":185688,"date":"2024-02-01T14:08:19","date_gmt":"2024-02-01T13:08:19","guid":{"rendered":"https:\/\/www.messinaoggi.it\/website\/2024\/02\/01\/confagricoltura-a-fieragricola-tra-innovazione-e-nuove-sfide\/"},"modified":"2024-02-01T14:08:19","modified_gmt":"2024-02-01T13:08:19","slug":"confagricoltura-a-fieragricola-tra-innovazione-e-nuove-sfide","status":"publish","type":"post","link":"https:\/\/www.messinaoggi.it\/website\/2024\/02\/01\/confagricoltura-a-fieragricola-tra-innovazione-e-nuove-sfide\/","title":{"rendered":"Confagricoltura a Fieragricola tra innovazione e nuove sfide"},"content":{"rendered":"<div>VERONA (ITALPRESS) &#8211; Agritech, nuove tecniche genomiche e carbon farming, sostenibilit\u00e0 e cambiamenti climatici, PNRR e macchine agricole. Sono questi alcuni temi che Confagricoltura affronta a Fieragricola, la rassegna internazionale dell&#8217;agricoltura, di scena a Veronafiere fino al 3 febbraio. Attraverso seminari, workshop e dibattiti, gli esperti di Confagricoltura e degli enti collegati, si confrontano con i rappresentanti delle imprese, dei centri studi e delle Universit\u00e0, per guardare alle sfide che riguardano gli imprenditori agricoli e lo sviluppo del settore primario. Un settore dal quale in questi giorni si sta levando alta la protesta, sintomo di un malessere diffuso. I trattori sono arrivati anche davanti alla Fiera, una piccola rappresentanza che ha incontrato il ministro per l&#8217;agricoltura e la Sovranit\u00e0 alimentare, Francesco Lollobrigida. E proprio al ministro il presidente di Confagricoltura, Massimiliano Giansanti, ha consegnato un documento nel quale si ribadisce che &#8220;la protesta che si sta svolgendo in questi giorni va ricondotta a un dibattito istituzionale che, come Organizzazione, ci vede impegnati ogni giorno ad ogni livello, in Italia e in Europa. Le Istituzioni, soprattutto europee, &#8211; ha spiegato il presidente Giansanti &#8211; conoscono perfettamente la nostra posizione che non abbiamo esitato a rimarcare in ogni occasione pubblica, presentando proposte di miglioramento alle attuali norme. Abbiamo la certezza che il dibattito nelle sedi opportune, e in questo caso Ue, ci aiuti a ottenere risultati concreti&#8221;. <br \/>Il tema della PAC, su tutti, \u00e8 centrale: &#8220;La nostra posizione, a tal proposito, \u00e8 stata di natura strategica: abbiamo fin da subito dichiarato che gli accordi raggiunti hanno portato a una riforma non solo estremamente complessa, ma soprattutto inadeguata alle reali esigenze di produttivit\u00e0 e competitivit\u00e0 delle imprese agricole&#8221;. Sulla proposta licenziata dalla Commissione per derogare all&#8217;obbligo previsto dalla PAC di destinare una parte dei terreni a finalit\u00e0 non produttive, Giansanti ha ribadito che si tratta di &#8220;Una proposta con un sovraccarico di condizioni tale da limitare in modo significativo l&#8217;efficacia della misura. Il testo va modificato per aumentare effettivamente le produzioni di cereali e semi oleosi. Siamo gi\u00e0 in contatto con il nostro ministero e con le principali organizzazioni agricole degli Stati membri per ottenere le indispensabili e profonde modifiche&#8221;, conclude il presidente della Confagricoltura. Venerd\u00ec prossimo \u00e8 convocato al Masaf un tavolo tecnico per definire una proposta unitaria da sostenere in Europa. <br \/>Tutte le iniziative in programma anche nei padiglioni di Fieragricola approfondiranno queste tematiche che culmineranno il 26 febbraio con l&#8217;assemblea straordinaria di Confagricoltura a Bruxelles. <br \/>Temi complessi, come le motorizzazioni dei macchinari per l&#8217;agricoltura interessati dalle politiche green dell&#8217;Unione. Ma anche il carbon farming, l&#8217;agrivoltaico, biometano e biogas, l&#8217;irrigazione di precisione legata cambiamenti climatici. <br \/>Con Hubfarm, una piattaforma innovativa per la gestione dei dati, Confagricoltura ha indagato le opportunit\u00e0 legate alla digitalizzazione delle imprese, fondamentale per il raggiungimento degli obiettivi di sostenibilit\u00e0 ambientale. <br \/>Riguardo all&#8217;innovazione, sono molti i progetti presentati da Confagricoltura, come un progetto con la rete Innosap e la partecipazione delle Universit\u00e0 di Verona e Padova finalizzato a consolidare la produttivit\u00e0 delle colture e migliorare le propriet\u00e0 funzionali degli alimenti. Spazio anche alla tecnologia, con il primo prototipo di robot pensato per raccogliere la frutta, oltre a ulteriori due soluzioni tech per l&#8217;agricoltura: un drone attrezzato per i trattamenti degli ulivi e un robot che entra nelle serre di orticole e distribuisce fertilizzanti e fitofarmaci in quantit\u00e0 perfetta, in base alle esigenze delle piante.<br \/>-foto ufficio stampa Confagricoltura- <br \/>(ITALPRESS).<\/div>\n<div id=\"div-gpt-ad-Messinaoggi.it-DSK-300x250-corpoart\" style=\"text-align:center;margin:0 auto;\"><\/div><\/p><div id=\"videoincontent\" style=\"clear:both\";><\/div>","protected":false},"excerpt":{"rendered":"<p>VERONA (ITALPRESS) &#8211; Agritech, nuove tecniche genomiche e carbon farming, sostenibilit\u00e0 e cambiamenti climatici, PNRR e macchine agricole. Sono questi alcuni temi che Confagricoltura affronta a Fieragricola, la rassegna internazionale dell&#8217;agricoltura, di scena a Veronafiere fino al 3 febbraio. Attraverso seminari, workshop e dibattiti, gli esperti di Confagricoltura e degli enti collegati, si confrontano con [&hellip;]<\/p>\n","protected":false},"author":18,"featured_media":185689,"comment_status":"closed","ping_status":"closed","sticky":false,"template":"","format":"standard","meta":{"ub_ctt_via":"","_mi_skip_tracking":false},"categories":[446],"tags":[783],"featured_image_src":"https:\/\/www.messinaoggi.it\/website\/wp-content\/uploads\/2024\/02\/20240201_0655.jpg","author_info":{"display_name":"Admin","author_link":"https:\/\/www.messinaoggi.it\/website\/author\/admin\/"},"digistream_id":0,"digistream":false,"_links":{"self":[{"href":"https:\/\/www.messinaoggi.it\/website\/wp-json\/wp\/v2\/posts\/185688"}],"collection":[{"href":"https:\/\/www.messinaoggi.it\/website\/wp-json\/wp\/v2\/posts"}],"about":[{"href":"https:\/\/www.messinaoggi.it\/website\/wp-json\/wp\/v2\/types\/post"}],"author":[{"embeddable":true,"href":"https:\/\/www.messinaoggi.it\/website\/wp-json\/wp\/v2\/users\/18"}],"replies":[{"embeddable":true,"href":"https:\/\/www.messinaoggi.it\/website\/wp-json\/wp\/v2\/comments?post=185688"}],"version-history":[{"count":0,"href":"https:\/\/www.messinaoggi.it\/website\/wp-json\/wp\/v2\/posts\/185688\/revisions"}],"wp:featuredmedia":[{"embeddable":true,"href":"https:\/\/www.messinaoggi.it\/website\/wp-json\/wp\/v2\/media\/185689"}],"wp:attachment":[{"href":"https:\/\/www.messinaoggi.it\/website\/wp-json\/wp\/v2\/media?parent=185688"}],"wp:term":[{"taxonomy":"category","embeddable":true,"href":"https:\/\/www.messinaoggi.it\/website\/wp-json\/wp\/v2\/categories?post=185688"},{"taxonomy":"post_tag","embeddable":true,"href":"https:\/\/www.messinaoggi.it\/website\/wp-json\/wp\/v2\/tags?post=185688"}],"curies":[{"name":"wp","href":"https:\/\/api.w.org\/{rel}","templated":true}]}}