{"id":185646,"date":"2024-02-01T12:08:12","date_gmt":"2024-02-01T11:08:12","guid":{"rendered":"https:\/\/www.messinaoggi.it\/website\/2024\/02\/01\/bremer-avverte-con-linter-sara-un-duello-sino-alla-fine\/"},"modified":"2024-02-01T12:08:12","modified_gmt":"2024-02-01T11:08:12","slug":"bremer-avverte-con-linter-sara-un-duello-sino-alla-fine","status":"publish","type":"post","link":"https:\/\/www.messinaoggi.it\/website\/2024\/02\/01\/bremer-avverte-con-linter-sara-un-duello-sino-alla-fine\/","title":{"rendered":"Bremer avverte \u201cCon l\u2019Inter sar\u00e0 un duello sino alla fine\u201d"},"content":{"rendered":"<div>ROMA (ITALPRESS) &#8211; &#8220;L&#8217;anno scorso abbiamo giocato ogni tre giorni, c&#8217;era la Champions, era difficile anche per me che venivo dal Torino. Giocare ogni tre giorni, se non stai bene fisicamente, \u00e8 complicato. Sto facendo bene e ho molta pi\u00f9 confidenza in me stesso. Quest&#8217;anno \u00e8 arrivato il direttore Giuntoli e ha portato molta serenit\u00e0&#8221;. A parlare, in un&#8217;intervista esclusiva su Dazn, \u00e8 Gleison Bremer, ex centrale granata che ha preso le redini della difesa juventina. &#8220;Giorgio Chiellini mi ha suggerito di guardare molti video e di conoscere molto bene l&#8217;avversario &#8211; svela il 26enne difensore verdeoro &#8211; La Juve mi aiuta tanto in questo, ho anche una persona in Brasile che mi segue. Ci sono attaccanti che non si possono mai lasciare tranquilli, come Osimhen e Lukaku, loro sono di livello internazionale. E&#8217; importante far &#8216;innervosir\u00e8 l&#8217;attaccante, perch\u00e8 poi in pochi rimangono concentrati tutta la partita&#8221;. Sugli allenamenti con Dusan Vlahovic: &#8220;Vlahovic \u00e8 un attaccante fisicamente forte, quando giochiamo insieme in partitella gli do molti consigli. E&#8217; bravo e sta migliorando tanto. Anche Yildiz \u00e8 un bell&#8217;attaccante, in allenamento entriamo duro su di lui, ma non si lamenta e continua a giocare. Ha grande forza nelle gambe e pu\u00f2 fare una bella carriera&#8221;. Lo scontro con l&#8217;Inter \u00e8 ormai imminente: &#8220;Con l&#8217;Inter sar\u00e0 un duello fino alla fine. Fare risultato a Milano non \u00e8 mai facile. Secondo me chi vince, non  vince il campionato perch\u00e8 ci sono ancora tante partite, per\u00f2 \u00e8 un passo importante. Se penso mai che avrei potuto giocare all&#8217;Inter? No, sono dalla parte giusta&#8221;. Bremer, infine, ammette che &#8220;ci sono tanti difensori forti in circolazione, come Van Dijk. Lui \u00e8 due gradini sopra di me perch\u00e8 ha vinto la Champions e gioca in un campionato tosto come la Premier League. Alla fine, quando un giocatore si ritira, contano solo i trofei vinti, se non hai vinto niente non puoi dire di esser stato il migliore&#8221;.<br \/>&#8211; Foto Image &#8211;<br \/>(ITALPRESS).<\/div>\n<div id=\"div-gpt-ad-Messinaoggi.it-DSK-300x250-corpoart\" style=\"text-align:center;margin:0 auto;\"><\/div><\/p><div id=\"videoincontent\" style=\"clear:both\";><\/div>","protected":false},"excerpt":{"rendered":"<p>ROMA (ITALPRESS) &#8211; &#8220;L&#8217;anno scorso abbiamo giocato ogni tre giorni, c&#8217;era la Champions, era difficile anche per me che venivo dal Torino. Giocare ogni tre giorni, se non stai bene fisicamente, \u00e8 complicato. Sto facendo bene e ho molta pi\u00f9 confidenza in me stesso. Quest&#8217;anno \u00e8 arrivato il direttore Giuntoli e ha portato molta serenit\u00e0&#8221;. [&hellip;]<\/p>\n","protected":false},"author":18,"featured_media":185647,"comment_status":"closed","ping_status":"closed","sticky":false,"template":"","format":"standard","meta":{"ub_ctt_via":"","_mi_skip_tracking":false},"categories":[446],"tags":[783],"featured_image_src":"https:\/\/www.messinaoggi.it\/website\/wp-content\/uploads\/2024\/02\/20240201_0298.jpg","author_info":{"display_name":"Admin","author_link":"https:\/\/www.messinaoggi.it\/website\/author\/admin\/"},"digistream_id":0,"digistream":false,"_links":{"self":[{"href":"https:\/\/www.messinaoggi.it\/website\/wp-json\/wp\/v2\/posts\/185646"}],"collection":[{"href":"https:\/\/www.messinaoggi.it\/website\/wp-json\/wp\/v2\/posts"}],"about":[{"href":"https:\/\/www.messinaoggi.it\/website\/wp-json\/wp\/v2\/types\/post"}],"author":[{"embeddable":true,"href":"https:\/\/www.messinaoggi.it\/website\/wp-json\/wp\/v2\/users\/18"}],"replies":[{"embeddable":true,"href":"https:\/\/www.messinaoggi.it\/website\/wp-json\/wp\/v2\/comments?post=185646"}],"version-history":[{"count":0,"href":"https:\/\/www.messinaoggi.it\/website\/wp-json\/wp\/v2\/posts\/185646\/revisions"}],"wp:featuredmedia":[{"embeddable":true,"href":"https:\/\/www.messinaoggi.it\/website\/wp-json\/wp\/v2\/media\/185647"}],"wp:attachment":[{"href":"https:\/\/www.messinaoggi.it\/website\/wp-json\/wp\/v2\/media?parent=185646"}],"wp:term":[{"taxonomy":"category","embeddable":true,"href":"https:\/\/www.messinaoggi.it\/website\/wp-json\/wp\/v2\/categories?post=185646"},{"taxonomy":"post_tag","embeddable":true,"href":"https:\/\/www.messinaoggi.it\/website\/wp-json\/wp\/v2\/tags?post=185646"}],"curies":[{"name":"wp","href":"https:\/\/api.w.org\/{rel}","templated":true}]}}