{"id":185604,"date":"2024-02-01T10:06:00","date_gmt":"2024-02-01T09:06:00","guid":{"rendered":"http:\/\/www.messinaoggi.it\/website\/?p=185604"},"modified":"2024-02-01T10:21:30","modified_gmt":"2024-02-01T09:21:30","slug":"manager-sanita-messinese-ecco-i-nominati","status":"publish","type":"post","link":"https:\/\/www.messinaoggi.it\/website\/2024\/02\/01\/manager-sanita-messinese-ecco-i-nominati\/","title":{"rendered":"Manager sanit\u00e0 messinese: ecco i nominati"},"content":{"rendered":"\n<p>Definita la griglia dei manager della sanit\u00e0 messinese, la cui nomina era molto attesa in citt\u00e0. All&#8217;Asp di Messina andr\u00e0 Giuseppe Cucc\u00ec, in quota Fratelli d&#8217;Italia, mentre al Policlinico di Messina la casella sar\u00e0 occupata da Giorgio Giulio Santonocito, espressione della Lega in modo particolare molto vicino all&#8217;on. Pippo Laccoto. Al Papardo la new entry di Caterina Di Blasi, indicata dall&#8217;Mpa di Raffaele Lombardo, mentre all&#8217;IRCCS-Neurolesi ci andr\u00e0 Maurizio Lanza.<div id=\"div-gpt-ad-Messinaoggi.it-DSK-300x250-corpoart\" style=\"text-align:center;margin:0 auto;\"><\/div><\/p>\n\n\n\n<p>Non appena saranno firmati i decreti di nomina si chiuder\u00e0 il lungo commissariamento della Sanit\u00e0 siciliana.<div id=\"videoincontent\" style=\"clear:both\";><\/div><\/p>\n\n\n\n<figure class=\"wp-block-image size-large\"><img loading=\"lazy\" width=\"1772\" height=\"1181\" src=\"http:\/\/www.messinaoggi.it\/website\/wp-content\/uploads\/2017\/09\/croce-RRP_9106-2.jpg\" alt=\"\" class=\"wp-image-8758\"\/><figcaption><strong>Ferdinando Croce andr\u00e0 a guidare l&#8217;Asp di Trapani<\/strong><\/figcaption><\/figure>\n\n\n\n<p>Entra nel rooster dei manager della Sanit\u00e0 anche il Messinese Ferdinando Croce (FdI), che \u00e8 stato collocato alla guida dell&#8217;Asp di Trapani.<\/p>\n","protected":false},"excerpt":{"rendered":"<p>Definita la griglia dei manager della sanit\u00e0 messinese, la cui nomina era molto attesa in citt\u00e0. All&#8217;Asp di Messina andr\u00e0 Giuseppe Cucc\u00ec, in quota Fratelli d&#8217;Italia, mentre al Policlinico di Messina la casella sar\u00e0 occupata da Giorgio Giulio Santonocito, espressione della Lega in modo particolare molto vicino all&#8217;on. Pippo Laccoto. Al Papardo la new entry [&hellip;]<\/p>\n","protected":false},"author":2,"featured_media":152323,"comment_status":"open","ping_status":"open","sticky":false,"template":"","format":"standard","meta":{"ub_ctt_via":"","_mi_skip_tracking":false},"categories":[19],"tags":[1179,767,9493,9492,7671],"featured_image_src":"https:\/\/www.messinaoggi.it\/website\/wp-content\/uploads\/2023\/04\/Asp-Messina-sede-centrale.jpg","author_info":{"display_name":"Redazione","author_link":"https:\/\/www.messinaoggi.it\/website\/author\/redazione\/"},"digistream_id":0,"digistream":false,"_links":{"self":[{"href":"https:\/\/www.messinaoggi.it\/website\/wp-json\/wp\/v2\/posts\/185604"}],"collection":[{"href":"https:\/\/www.messinaoggi.it\/website\/wp-json\/wp\/v2\/posts"}],"about":[{"href":"https:\/\/www.messinaoggi.it\/website\/wp-json\/wp\/v2\/types\/post"}],"author":[{"embeddable":true,"href":"https:\/\/www.messinaoggi.it\/website\/wp-json\/wp\/v2\/users\/2"}],"replies":[{"embeddable":true,"href":"https:\/\/www.messinaoggi.it\/website\/wp-json\/wp\/v2\/comments?post=185604"}],"version-history":[{"count":1,"href":"https:\/\/www.messinaoggi.it\/website\/wp-json\/wp\/v2\/posts\/185604\/revisions"}],"predecessor-version":[{"id":185605,"href":"https:\/\/www.messinaoggi.it\/website\/wp-json\/wp\/v2\/posts\/185604\/revisions\/185605"}],"wp:featuredmedia":[{"embeddable":true,"href":"https:\/\/www.messinaoggi.it\/website\/wp-json\/wp\/v2\/media\/152323"}],"wp:attachment":[{"href":"https:\/\/www.messinaoggi.it\/website\/wp-json\/wp\/v2\/media?parent=185604"}],"wp:term":[{"taxonomy":"category","embeddable":true,"href":"https:\/\/www.messinaoggi.it\/website\/wp-json\/wp\/v2\/categories?post=185604"},{"taxonomy":"post_tag","embeddable":true,"href":"https:\/\/www.messinaoggi.it\/website\/wp-json\/wp\/v2\/tags?post=185604"}],"curies":[{"name":"wp","href":"https:\/\/api.w.org\/{rel}","templated":true}]}}