{"id":18560,"date":"2018-04-24T07:30:26","date_gmt":"2018-04-24T05:30:26","guid":{"rendered":"http:\/\/www.messinaoggi.it\/website\/?p=18560"},"modified":"2018-04-24T07:30:26","modified_gmt":"2018-04-24T05:30:26","slug":"festa-della-liberazione-limitazioni-viarie-nel-perimetro-di-piazza-unione-europea","status":"publish","type":"post","link":"https:\/\/www.messinaoggi.it\/website\/2018\/04\/24\/festa-della-liberazione-limitazioni-viarie-nel-perimetro-di-piazza-unione-europea\/","title":{"rendered":"Festa della Liberazione, limitazioni viarie nel perimetro di piazza Unione Europea"},"content":{"rendered":"<p>In occasione della celebrazione del 73\u00b0 Anniversario della Liberazione, che si terr\u00e0 mercoled\u00ec 25, in Piazza Unione Europea, il dipartimento comunale Viabilit\u00e0 ha disposto limitazioni viarie nelle strade adiacenti.<br \/>\nDalla mezzanotte di marted\u00ec alle ore 15 di mercoled\u00ec 25 sar\u00e0 istituito il divieto di sosta ambo i lati delle vie Consolato del Mare e S. Camillo, nei rispettivi tratti compresi tra le vie Garibaldi e Argentieri.<div id=\"div-gpt-ad-Messinaoggi.it-DSK-300x250-corpoart\" style=\"text-align:center;margin:0 auto;\"><\/div><\/p>\n<div id=\"videoincontent\" style=\"clear:both\";><\/div>","protected":false},"excerpt":{"rendered":"<p>In occasione della celebrazione del 73\u00b0 Anniversario della Liberazione, che si terr\u00e0 mercoled\u00ec 25, in Piazza Unione Europea, il dipartimento comunale Viabilit\u00e0 ha disposto limitazioni viarie nelle strade adiacenti. Dalla mezzanotte di marted\u00ec alle ore 15 di mercoled\u00ec 25 sar\u00e0 istituito il divieto di sosta ambo i lati delle vie Consolato del Mare e S. [&hellip;]<\/p>\n","protected":false},"author":4,"featured_media":10355,"comment_status":"closed","ping_status":"open","sticky":false,"template":"","format":"standard","meta":{"ub_ctt_via":"","_mi_skip_tracking":false},"categories":[5],"tags":[],"featured_image_src":"https:\/\/www.messinaoggi.it\/website\/wp-content\/uploads\/2017\/10\/palazzo-zanca-messinaRRP_1715.jpg","author_info":{"display_name":"redme","author_link":"https:\/\/www.messinaoggi.it\/website\/author\/redme\/"},"digistream_id":0,"digistream":false,"_links":{"self":[{"href":"https:\/\/www.messinaoggi.it\/website\/wp-json\/wp\/v2\/posts\/18560"}],"collection":[{"href":"https:\/\/www.messinaoggi.it\/website\/wp-json\/wp\/v2\/posts"}],"about":[{"href":"https:\/\/www.messinaoggi.it\/website\/wp-json\/wp\/v2\/types\/post"}],"author":[{"embeddable":true,"href":"https:\/\/www.messinaoggi.it\/website\/wp-json\/wp\/v2\/users\/4"}],"replies":[{"embeddable":true,"href":"https:\/\/www.messinaoggi.it\/website\/wp-json\/wp\/v2\/comments?post=18560"}],"version-history":[{"count":0,"href":"https:\/\/www.messinaoggi.it\/website\/wp-json\/wp\/v2\/posts\/18560\/revisions"}],"wp:featuredmedia":[{"embeddable":true,"href":"https:\/\/www.messinaoggi.it\/website\/wp-json\/wp\/v2\/media\/10355"}],"wp:attachment":[{"href":"https:\/\/www.messinaoggi.it\/website\/wp-json\/wp\/v2\/media?parent=18560"}],"wp:term":[{"taxonomy":"category","embeddable":true,"href":"https:\/\/www.messinaoggi.it\/website\/wp-json\/wp\/v2\/categories?post=18560"},{"taxonomy":"post_tag","embeddable":true,"href":"https:\/\/www.messinaoggi.it\/website\/wp-json\/wp\/v2\/tags?post=18560"}],"curies":[{"name":"wp","href":"https:\/\/api.w.org\/{rel}","templated":true}]}}