{"id":185584,"date":"2024-01-31T21:08:01","date_gmt":"2024-01-31T20:08:01","guid":{"rendered":"https:\/\/www.messinaoggi.it\/website\/2024\/01\/31\/meloni-sullo-statuto-delle-autonomie-stiamo-andando-avanti\/"},"modified":"2024-01-31T21:08:01","modified_gmt":"2024-01-31T20:08:01","slug":"meloni-sullo-statuto-delle-autonomie-stiamo-andando-avanti","status":"publish","type":"post","link":"https:\/\/www.messinaoggi.it\/website\/2024\/01\/31\/meloni-sullo-statuto-delle-autonomie-stiamo-andando-avanti\/","title":{"rendered":"Meloni \u201cSullo Statuto delle Autonomie stiamo andando avanti\u201d"},"content":{"rendered":"<div>AOSTA (ITALPRESS) &#8211; &#8220;Sul tema dello Statuto delle autonomie, un&#8217;istanza consegnata in un&#8217;iniziativa durante il Festival delle regioni a Torino da tutte le Regioni a statuto speciale, stiamo andando avanti cercando di mettere insieme interessi che sono tutti importanti se riescono a essere governati in un&#8217;unica ottica&#8221;. Lo ha detto Giorgia Meloni, presidente del Consiglio, in occasione della firma dell&#8217;Accordo per lo sviluppo e la coesione tra il Governo e la Regione Valle d&#8217;Aosta.<br \/>&#8220;Sul tema dell&#8217;autonomia differenziata &#8211; ha continuato &#8211; crediamo che da una parte ci debba essere uno Stato efficiente ed efficace e che dall&#8217;altra debba essere compensato anche con territori che, soprattutto dove governano bene le risorse, hanno la possibilit\u00e0 di essere rafforzati nella loro capacit\u00e0 di dare risposte ai cittadini. Ho sempre creduto nel principio della sussidiariet\u00e0&#8221;, ha aggiunto Meloni.<div id=\"div-gpt-ad-Messinaoggi.it-DSK-300x250-corpoart\" style=\"text-align:center;margin:0 auto;\"><\/div><\/p>\n<p>&#8211; Foto: Agenzia Fotogramma &#8211;<div id=\"videoincontent\" style=\"clear:both\";><\/div><\/p>\n<p>(ITALPRESS).<\/p><\/div>\n","protected":false},"excerpt":{"rendered":"<p>AOSTA (ITALPRESS) &#8211; &#8220;Sul tema dello Statuto delle autonomie, un&#8217;istanza consegnata in un&#8217;iniziativa durante il Festival delle regioni a Torino da tutte le Regioni a statuto speciale, stiamo andando avanti cercando di mettere insieme interessi che sono tutti importanti se riescono a essere governati in un&#8217;unica ottica&#8221;. Lo ha detto Giorgia Meloni, presidente del Consiglio, [&hellip;]<\/p>\n","protected":false},"author":18,"featured_media":185585,"comment_status":"closed","ping_status":"closed","sticky":false,"template":"","format":"standard","meta":{"ub_ctt_via":"","_mi_skip_tracking":false},"categories":[446],"tags":[783],"featured_image_src":"https:\/\/www.messinaoggi.it\/website\/wp-content\/uploads\/2024\/01\/20240131_2252.jpg","author_info":{"display_name":"Admin","author_link":"https:\/\/www.messinaoggi.it\/website\/author\/admin\/"},"digistream_id":0,"digistream":false,"_links":{"self":[{"href":"https:\/\/www.messinaoggi.it\/website\/wp-json\/wp\/v2\/posts\/185584"}],"collection":[{"href":"https:\/\/www.messinaoggi.it\/website\/wp-json\/wp\/v2\/posts"}],"about":[{"href":"https:\/\/www.messinaoggi.it\/website\/wp-json\/wp\/v2\/types\/post"}],"author":[{"embeddable":true,"href":"https:\/\/www.messinaoggi.it\/website\/wp-json\/wp\/v2\/users\/18"}],"replies":[{"embeddable":true,"href":"https:\/\/www.messinaoggi.it\/website\/wp-json\/wp\/v2\/comments?post=185584"}],"version-history":[{"count":0,"href":"https:\/\/www.messinaoggi.it\/website\/wp-json\/wp\/v2\/posts\/185584\/revisions"}],"wp:featuredmedia":[{"embeddable":true,"href":"https:\/\/www.messinaoggi.it\/website\/wp-json\/wp\/v2\/media\/185585"}],"wp:attachment":[{"href":"https:\/\/www.messinaoggi.it\/website\/wp-json\/wp\/v2\/media?parent=185584"}],"wp:term":[{"taxonomy":"category","embeddable":true,"href":"https:\/\/www.messinaoggi.it\/website\/wp-json\/wp\/v2\/categories?post=185584"},{"taxonomy":"post_tag","embeddable":true,"href":"https:\/\/www.messinaoggi.it\/website\/wp-json\/wp\/v2\/tags?post=185584"}],"curies":[{"name":"wp","href":"https:\/\/api.w.org\/{rel}","templated":true}]}}