{"id":185546,"date":"2024-01-31T17:11:08","date_gmt":"2024-01-31T16:11:08","guid":{"rendered":"https:\/\/www.messinaoggi.it\/website\/2024\/01\/31\/al-via-fieragricola-fra-innovazione-e-tecnologie-green\/"},"modified":"2024-01-31T17:11:08","modified_gmt":"2024-01-31T16:11:08","slug":"al-via-fieragricola-fra-innovazione-e-tecnologie-green","status":"publish","type":"post","link":"https:\/\/www.messinaoggi.it\/website\/2024\/01\/31\/al-via-fieragricola-fra-innovazione-e-tecnologie-green\/","title":{"rendered":"Al via Fieragricola fra innovazione e tecnologie green"},"content":{"rendered":"<div>VERONA (ITALPRESS) &#8211; Sono innovazione, sostenibilit\u00e0 e internazionalizzazione le parole chiave della 116^ edizione di Fieragricola, che da oggi a sabato 3 febbraio animer\u00e0 il quartiere fieristico di Veronafiere, con 820 espositori da 20 Paesi, 11 padiglioni occupati, 52.000 metri quadrati, delegazioni e buyer provenienti da 28 Paesi grazie all&#8217;attivit\u00e0 di incoming dei delegati esteri di Veronafiere e di ICE Agenzia.<br \/>Una manifestazione, secondo il ministro dell&#8217;Agricoltura, Sovranit\u00e0 alimentare e Foreste, Francesco Lollobrigida, intervenuto questa mattina all&#8217;inaugurazione che rappresenta \u00abun gioiello organizzativo e un modello per aiutare a far evolvere il sistema di qualit\u00e0 agroalimentare italiano che sta affrontando la sfida di coniugare la transizione ecologica con la produttivit\u00e0\u00bb.<br \/>Il comparto agricolo italiano, con oltre 1,1 milioni di aziende agricole, una superficie agricola utile di circa 12,5 milioni di ettari, \u00e8 alle prese con la sfida dei cambiamenti climatici, uno dei temi portanti di Fieragricola 2024.<br \/>\u00abL&#8217;agricoltura italiana vuole crescere, sempre pronta a ripartire e trova a Veronafiere la propria casa &#8211; ha dichiarato il presidente di Veronafiere, Federico Bricolo -. Dopo la crisi del Covid i numeri di questa edizione della manifestazione non erano scontati e confermano Fieragricola come rassegna leader a livello internazionale, una vetrina per le imprese a vantaggio di un settore che vale in Italia oltre 600 miliardi di euro e supera i 60 miliardi di export\u00bb.<br \/>Al taglio del nastro presenti anche l&#8217;amministratore delegato di Veronafiere, Maurizio Danese, il presidente di ICE-Agenzia, Matteo Zoppas, il sindaco di Verona, Damiano Tommasi, e il presidente della Provincia di Verona, Flavio Massimo Pasini.<br \/>Fieragricola \u00e8 una manifestazione trasversale con un format espositivo che abbraccia tutti i principali settori dell&#8217;agricoltura rappresentati: meccanica agricola; zootecnia; colture specializzate come vigneto, frutteto, olivo; energie rinnovabili; chimica verde; servizi; multifunzionalit\u00e0 delle imprese agricole; tecnologie hi-tech per la crescita dell&#8217;agricoltura sostenibile. Nei quattro giorni di manifestazione sono in programma 140 convegni per rispondere alle esigenze di formazione del settore, chiamato a innovare per migliorare competitivit\u00e0, resilienza e redditivit\u00e0.<br \/>Per il presidente di ICE-Agenzia, Matteo Zoppas, \u00able fiere permettono all&#8217;Italia di fare sistema e aiutano le imprese che puntano ai mercati esteri. La potenzialit\u00e0 dell&#8217;agricoltura italiana \u00e8 elevata e pu\u00f2 aiutare a sostenere le esportazioni, in particolare verso l&#8217;Africa, oggetto del Piano Mattei illustrato due giorni fa dal Governo, e verso i Balcani, un&#8217;altra area dinamica e che ha bisogno delle nostre tecnologie&#8221;.<br \/>E anche la 116^ edizione di Fieragricola, a pochi giorni il vertice Italia-Africa di Roma, getta un ponte verso il continente africano, con la presenza in fiera di delegazioni commerciali da Algeria, Egitto, Etiopia, Ghana, Kenya, Mozambico, Senegal, Tunisia.<br \/>&#8220;E&#8217; un orgoglio ospitare questo evento internazionale che ha in programma un&#8217;agenda fitta di temi importanti come l&#8217;innovazione, la sostenibilit\u00e0, e non da ultimo l&#8217;inclusione dei giovani e delle donne nell&#8217;attivit\u00e0 produttiva nazionale &#8211; ha detto il sindaco di Verona, Damiano Tommasi -. Verona, dunque, rappresenta sempre di pi\u00f9 un luogo di riflessione, ricerca, studio e scambio di buone pratiche.  Veronafiere ha dimostrato che il successo \u00e8 dovuto all&#8217;impegno di tutti gli attori coinvolti: non solo singole persone e istituzioni, ma espositori, visitatori, aziende che supportano il progetto di Fieragricola e che ne sono l&#8217;anima&#8221;.<br \/>-foto ufficio stampa Veronafiere-<br \/>(ITALPRESS).<\/div>\n<div id=\"div-gpt-ad-Messinaoggi.it-DSK-300x250-corpoart\" style=\"text-align:center;margin:0 auto;\"><\/div><\/p><div id=\"videoincontent\" style=\"clear:both\";><\/div>","protected":false},"excerpt":{"rendered":"<p>VERONA (ITALPRESS) &#8211; Sono innovazione, sostenibilit\u00e0 e internazionalizzazione le parole chiave della 116^ edizione di Fieragricola, che da oggi a sabato 3 febbraio animer\u00e0 il quartiere fieristico di Veronafiere, con 820 espositori da 20 Paesi, 11 padiglioni occupati, 52.000 metri quadrati, delegazioni e buyer provenienti da 28 Paesi grazie all&#8217;attivit\u00e0 di incoming dei delegati esteri [&hellip;]<\/p>\n","protected":false},"author":18,"featured_media":185547,"comment_status":"closed","ping_status":"closed","sticky":false,"template":"","format":"standard","meta":{"ub_ctt_via":"","_mi_skip_tracking":false},"categories":[446],"tags":[783],"featured_image_src":"https:\/\/www.messinaoggi.it\/website\/wp-content\/uploads\/2024\/01\/20240131_1668.jpg","author_info":{"display_name":"Admin","author_link":"https:\/\/www.messinaoggi.it\/website\/author\/admin\/"},"digistream_id":0,"digistream":false,"_links":{"self":[{"href":"https:\/\/www.messinaoggi.it\/website\/wp-json\/wp\/v2\/posts\/185546"}],"collection":[{"href":"https:\/\/www.messinaoggi.it\/website\/wp-json\/wp\/v2\/posts"}],"about":[{"href":"https:\/\/www.messinaoggi.it\/website\/wp-json\/wp\/v2\/types\/post"}],"author":[{"embeddable":true,"href":"https:\/\/www.messinaoggi.it\/website\/wp-json\/wp\/v2\/users\/18"}],"replies":[{"embeddable":true,"href":"https:\/\/www.messinaoggi.it\/website\/wp-json\/wp\/v2\/comments?post=185546"}],"version-history":[{"count":0,"href":"https:\/\/www.messinaoggi.it\/website\/wp-json\/wp\/v2\/posts\/185546\/revisions"}],"wp:featuredmedia":[{"embeddable":true,"href":"https:\/\/www.messinaoggi.it\/website\/wp-json\/wp\/v2\/media\/185547"}],"wp:attachment":[{"href":"https:\/\/www.messinaoggi.it\/website\/wp-json\/wp\/v2\/media?parent=185546"}],"wp:term":[{"taxonomy":"category","embeddable":true,"href":"https:\/\/www.messinaoggi.it\/website\/wp-json\/wp\/v2\/categories?post=185546"},{"taxonomy":"post_tag","embeddable":true,"href":"https:\/\/www.messinaoggi.it\/website\/wp-json\/wp\/v2\/tags?post=185546"}],"curies":[{"name":"wp","href":"https:\/\/api.w.org\/{rel}","templated":true}]}}