{"id":185543,"date":"2024-01-31T17:10:22","date_gmt":"2024-01-31T16:10:22","guid":{"rendered":"https:\/\/www.messinaoggi.it\/website\/2024\/01\/31\/sinner-sognavo-di-vincere-uno-slam-non-andro-a-sanremo\/"},"modified":"2024-01-31T17:10:22","modified_gmt":"2024-01-31T16:10:22","slug":"sinner-sognavo-di-vincere-uno-slam-non-andro-a-sanremo","status":"publish","type":"post","link":"https:\/\/www.messinaoggi.it\/website\/2024\/01\/31\/sinner-sognavo-di-vincere-uno-slam-non-andro-a-sanremo\/","title":{"rendered":"Sinner \u201cSognavo di vincere uno Slam, non andr\u00f2 a Sanremo\u201d"},"content":{"rendered":"<div>ROMA (ITALPRESS) &#8211; &#8220;Il mio sogno \u00e8 sempre stato vincere uno Slam, ora che ce l&#8217;ho fatta stiamo lavorando per sentire di nuovo quella sensazione. Adesso voglio tornare in campo e lavorare, perch\u00e8 \u00e8 questo che mi ha portato a fare quello che ho fatto. Proviamo a fare piccoli passi in avanti, l&#8217;obiettivo \u00e8 quello l\u00ec&#8221;. Sono queste le parole di Jannik Sinner, fresco vincitore degli Australian Open, durante la conferenza stampa celebrativa della sua impresa a Roma. &#8220;Sono contento di condividere le emozioni con tutti voi, ma abbiamo tanti tornei durante l&#8217;anno e tante possibilit\u00e0 di fare bene, cos\u00ec come di fare male. Dobbiamo essere pronti. Sono felice di questo traguardo per me e per il mio team, si sente il calore della gente e mi piace, ma sono lo stesso ragazzo di due settimane fa&#8221;, aggiunge il campione altoatesino. Che ne approfitta per declinare l&#8217;invito di Amadeus a salire sul palco dell&#8217;Ariston per l&#8217;imminente Festival di Sanremo: &#8220;Far\u00f2 il tifo da casa. E&#8217; un evento bello, ma sto facendo qui due giorni a Roma dopo l&#8217;Australia e quando dovrei andare a Sanremo, sar\u00f2 gi\u00e0 a lavorare, ed \u00e8 quello che mi piace fare. Per questo non andr\u00f2 al Festival&#8221;. Per quanto riguarda il suo futuro prossimo, Sinner ammette che &#8220;le Olimpiadi saranno un momento chiave per me, anche per la mia crescita. Sar\u00e0 la prima volta che le gioco, sono contento di farne parte. Ci sono tutti gli atleti migliori del mondo, non vedo l&#8217;ora di conoscerli e di prendere spunto da loro. Sar\u00e0 uno dei tornei pi\u00f9 importanti dell&#8217;anno, sono contento di esserci e speriamo che l&#8217;Italia possa portare a casa pi\u00f9 medaglie possibili. Io portabandiera? Non ci sto pensando&#8221;, assicura. Il 22enne di San Candido, che auspica il ritorno del suo amico Berrettini e di sciare con un altro mito come Tomba, conclude svelando che &#8220;non ho segreti, \u00e8 tutto frutto del duro lavoro. Io mi sveglio la mattina e la prima cosa che penso \u00e8 allenarmi. Giocare a tennis \u00e8 quello che mi piace fare e se il mio avversario \u00e8 pi\u00f9 bravo di me gli do la mano e torno ad allenarmi. Ci saranno momenti difficili ma non ho paura&#8221;.<br \/>&#8211; Foto Italpress\/Spf &#8211;<br \/>(ITALPRESS).<\/div>\n<div id=\"div-gpt-ad-Messinaoggi.it-DSK-300x250-corpoart\" style=\"text-align:center;margin:0 auto;\"><\/div><\/p><div id=\"videoincontent\" style=\"clear:both\";><\/div>","protected":false},"excerpt":{"rendered":"<p>ROMA (ITALPRESS) &#8211; &#8220;Il mio sogno \u00e8 sempre stato vincere uno Slam, ora che ce l&#8217;ho fatta stiamo lavorando per sentire di nuovo quella sensazione. Adesso voglio tornare in campo e lavorare, perch\u00e8 \u00e8 questo che mi ha portato a fare quello che ho fatto. Proviamo a fare piccoli passi in avanti, l&#8217;obiettivo \u00e8 quello [&hellip;]<\/p>\n","protected":false},"author":18,"featured_media":0,"comment_status":"closed","ping_status":"closed","sticky":false,"template":"","format":"standard","meta":{"ub_ctt_via":"","_mi_skip_tracking":false},"categories":[446],"tags":[783],"featured_image_src":null,"author_info":{"display_name":"Admin","author_link":"https:\/\/www.messinaoggi.it\/website\/author\/admin\/"},"digistream_id":0,"digistream":false,"_links":{"self":[{"href":"https:\/\/www.messinaoggi.it\/website\/wp-json\/wp\/v2\/posts\/185543"}],"collection":[{"href":"https:\/\/www.messinaoggi.it\/website\/wp-json\/wp\/v2\/posts"}],"about":[{"href":"https:\/\/www.messinaoggi.it\/website\/wp-json\/wp\/v2\/types\/post"}],"author":[{"embeddable":true,"href":"https:\/\/www.messinaoggi.it\/website\/wp-json\/wp\/v2\/users\/18"}],"replies":[{"embeddable":true,"href":"https:\/\/www.messinaoggi.it\/website\/wp-json\/wp\/v2\/comments?post=185543"}],"version-history":[{"count":0,"href":"https:\/\/www.messinaoggi.it\/website\/wp-json\/wp\/v2\/posts\/185543\/revisions"}],"wp:attachment":[{"href":"https:\/\/www.messinaoggi.it\/website\/wp-json\/wp\/v2\/media?parent=185543"}],"wp:term":[{"taxonomy":"category","embeddable":true,"href":"https:\/\/www.messinaoggi.it\/website\/wp-json\/wp\/v2\/categories?post=185543"},{"taxonomy":"post_tag","embeddable":true,"href":"https:\/\/www.messinaoggi.it\/website\/wp-json\/wp\/v2\/tags?post=185543"}],"curies":[{"name":"wp","href":"https:\/\/api.w.org\/{rel}","templated":true}]}}