{"id":185524,"date":"2024-01-31T15:11:04","date_gmt":"2024-01-31T14:11:04","guid":{"rendered":"https:\/\/www.messinaoggi.it\/website\/2024\/01\/31\/a-roma-applausi-e-commozione-per-lultimo-saluto-a-sandra-milo\/"},"modified":"2024-01-31T15:11:04","modified_gmt":"2024-01-31T14:11:04","slug":"a-roma-applausi-e-commozione-per-lultimo-saluto-a-sandra-milo","status":"publish","type":"post","link":"https:\/\/www.messinaoggi.it\/website\/2024\/01\/31\/a-roma-applausi-e-commozione-per-lultimo-saluto-a-sandra-milo\/","title":{"rendered":"A Roma applausi e commozione per l\u2019ultimo saluto a Sandra Milo"},"content":{"rendered":"<div>ROMA (ITALPRESS) &#8211; Tanti amici e colleghi riuniti questa mattina a Roma, nella Chiesa degli Artisti di piazza del Popolo, per l&#8217;ultimo saluto a Sandra Milo scomparsa luned\u00ec a novant&#8217;anni. Da Mara Venier a Michele Placido, da Valeria Marini a  Vladimir Luxuria. Tra i banchi gli amatissimi figli di &#8220;Sandrocchia&#8221;: Debora Ergas, Ciro e Azzurra De Lollis. Corone di fiori all&#8217;ingresso da Rita Pavone, comune di Roma, ministero della Cultura, Verissimo, La vita in diretta, Sky. Accanto al feretro una foto dell&#8217;attrice, l&#8217;effige di Padre Pio e una Madonnina con l&#8217;acqua benedetta di Lourdes.<br \/>Tra i presenti anche Stefania Orlando, Pino Strabioli, Michele Placido, Beppe Convertini, Leopoldo Mastelloni, Nadia Rinaldi, Paola Quattrini, Jane Alexander, Pierfrancesco Pingitore, Angela Melillo, Eleonora Daniele. In molti, all&#8217;uscita, hanno ricordato la grande generosit\u00e0 di Sandra Milo e la sua capacit\u00e0 di essere vicina al prossimo e di battersi per i diritti civili. Per il suo ultimo viaggio l&#8217;attrice indosser\u00e0 un abito bianco a cui era molto legata e gli inseparabili tacchi a spillo. Gremita la chiesa, molti cittadini comuni hanno potuto partecipare alle esequie solo esternamente tributando un applauso alla musa di Federico Fellini, sia all&#8217;ingresso che all&#8217;uscita dalla chiesa.<br \/>-foto xp3 Italpress &#8211; <br \/>(ITALPRESS).<\/div>\n<div id=\"div-gpt-ad-Messinaoggi.it-DSK-300x250-corpoart\" style=\"text-align:center;margin:0 auto;\"><\/div><\/p><div id=\"videoincontent\" style=\"clear:both\";><\/div>","protected":false},"excerpt":{"rendered":"<p>ROMA (ITALPRESS) &#8211; Tanti amici e colleghi riuniti questa mattina a Roma, nella Chiesa degli Artisti di piazza del Popolo, per l&#8217;ultimo saluto a Sandra Milo scomparsa luned\u00ec a novant&#8217;anni. Da Mara Venier a Michele Placido, da Valeria Marini a Vladimir Luxuria. Tra i banchi gli amatissimi figli di &#8220;Sandrocchia&#8221;: Debora Ergas, Ciro e Azzurra [&hellip;]<\/p>\n","protected":false},"author":18,"featured_media":0,"comment_status":"closed","ping_status":"closed","sticky":false,"template":"","format":"standard","meta":{"ub_ctt_via":"","_mi_skip_tracking":false},"categories":[446],"tags":[783],"featured_image_src":null,"author_info":{"display_name":"Admin","author_link":"https:\/\/www.messinaoggi.it\/website\/author\/admin\/"},"digistream_id":0,"digistream":false,"_links":{"self":[{"href":"https:\/\/www.messinaoggi.it\/website\/wp-json\/wp\/v2\/posts\/185524"}],"collection":[{"href":"https:\/\/www.messinaoggi.it\/website\/wp-json\/wp\/v2\/posts"}],"about":[{"href":"https:\/\/www.messinaoggi.it\/website\/wp-json\/wp\/v2\/types\/post"}],"author":[{"embeddable":true,"href":"https:\/\/www.messinaoggi.it\/website\/wp-json\/wp\/v2\/users\/18"}],"replies":[{"embeddable":true,"href":"https:\/\/www.messinaoggi.it\/website\/wp-json\/wp\/v2\/comments?post=185524"}],"version-history":[{"count":0,"href":"https:\/\/www.messinaoggi.it\/website\/wp-json\/wp\/v2\/posts\/185524\/revisions"}],"wp:attachment":[{"href":"https:\/\/www.messinaoggi.it\/website\/wp-json\/wp\/v2\/media?parent=185524"}],"wp:term":[{"taxonomy":"category","embeddable":true,"href":"https:\/\/www.messinaoggi.it\/website\/wp-json\/wp\/v2\/categories?post=185524"},{"taxonomy":"post_tag","embeddable":true,"href":"https:\/\/www.messinaoggi.it\/website\/wp-json\/wp\/v2\/tags?post=185524"}],"curies":[{"name":"wp","href":"https:\/\/api.w.org\/{rel}","templated":true}]}}