{"id":185502,"date":"2024-01-31T12:08:04","date_gmt":"2024-01-31T11:08:04","guid":{"rendered":"https:\/\/www.messinaoggi.it\/website\/2024\/01\/31\/papa-troppi-civili-inermi-vittime-delle-guerre\/"},"modified":"2024-01-31T12:08:04","modified_gmt":"2024-01-31T11:08:04","slug":"papa-troppi-civili-inermi-vittime-delle-guerre","status":"publish","type":"post","link":"https:\/\/www.messinaoggi.it\/website\/2024\/01\/31\/papa-troppi-civili-inermi-vittime-delle-guerre\/","title":{"rendered":"Papa \u201cTroppi civili inermi vittime delle guerre\u201d"},"content":{"rendered":"<div>ROMA (ITALPRESS) &#8211; &#8220;Domani in Italia si celebra la Giornata nazionale vittime civili di guerra. Al ricordo per quanti sono deceduti nei due conflitti mondiali, associamo anche i tanti, troppi, civili, vittime inermi delle guerre che purtroppo insanguinano ancora il nostro pianeta, come accade in Medio Oriente e in Ucraina. Il loro grido di dolore possa toccare i cuori dei responsabili delle Nazioni a suscitare progetti di pace. &#8220;Quando si leggono le storie di questi giorni della guerra -ha aggiunto- c&#8217;\u00e8 tanta crudelt\u00e0, tanta. Chiediamo al Signore la pace che \u00e8 sempre mite, non \u00e8 crudele&#8221;. Cos\u00ec Papa Francesco nel corso dell&#8217;udienza generale. In un altro passaggio, il Santo Padre ha sottolineato come &#8220;la pace pu\u00f2 essere costruita solo sulla verit\u00e0. La sollecitudine per il bene comune, il giusto controllo dell&#8217;ira e il perdono reciproco vi aiutino a costruire la civilt\u00e0 dell&#8217;amore nella vostra situazione attuale&#8221;.<br \/>\n(ITALPRESS).<br \/>\n&#8211; Foto: Agenzia Fotogramma &#8211;<\/div>\n<div id=\"div-gpt-ad-Messinaoggi.it-DSK-300x250-corpoart\" style=\"text-align:center;margin:0 auto;\"><\/div><\/p><div id=\"videoincontent\" style=\"clear:both\";><\/div>","protected":false},"excerpt":{"rendered":"<p>ROMA (ITALPRESS) &#8211; &#8220;Domani in Italia si celebra la Giornata nazionale vittime civili di guerra. Al ricordo per quanti sono deceduti nei due conflitti mondiali, associamo anche i tanti, troppi, civili, vittime inermi delle guerre che purtroppo insanguinano ancora il nostro pianeta, come accade in Medio Oriente e in Ucraina. Il loro grido di dolore [&hellip;]<\/p>\n","protected":false},"author":18,"featured_media":185503,"comment_status":"closed","ping_status":"closed","sticky":false,"template":"","format":"standard","meta":{"ub_ctt_via":"","_mi_skip_tracking":false},"categories":[446],"tags":[783],"featured_image_src":"https:\/\/www.messinaoggi.it\/website\/wp-content\/uploads\/2024\/01\/20240131_0262.jpg","author_info":{"display_name":"Admin","author_link":"https:\/\/www.messinaoggi.it\/website\/author\/admin\/"},"digistream_id":0,"digistream":false,"_links":{"self":[{"href":"https:\/\/www.messinaoggi.it\/website\/wp-json\/wp\/v2\/posts\/185502"}],"collection":[{"href":"https:\/\/www.messinaoggi.it\/website\/wp-json\/wp\/v2\/posts"}],"about":[{"href":"https:\/\/www.messinaoggi.it\/website\/wp-json\/wp\/v2\/types\/post"}],"author":[{"embeddable":true,"href":"https:\/\/www.messinaoggi.it\/website\/wp-json\/wp\/v2\/users\/18"}],"replies":[{"embeddable":true,"href":"https:\/\/www.messinaoggi.it\/website\/wp-json\/wp\/v2\/comments?post=185502"}],"version-history":[{"count":0,"href":"https:\/\/www.messinaoggi.it\/website\/wp-json\/wp\/v2\/posts\/185502\/revisions"}],"wp:featuredmedia":[{"embeddable":true,"href":"https:\/\/www.messinaoggi.it\/website\/wp-json\/wp\/v2\/media\/185503"}],"wp:attachment":[{"href":"https:\/\/www.messinaoggi.it\/website\/wp-json\/wp\/v2\/media?parent=185502"}],"wp:term":[{"taxonomy":"category","embeddable":true,"href":"https:\/\/www.messinaoggi.it\/website\/wp-json\/wp\/v2\/categories?post=185502"},{"taxonomy":"post_tag","embeddable":true,"href":"https:\/\/www.messinaoggi.it\/website\/wp-json\/wp\/v2\/tags?post=185502"}],"curies":[{"name":"wp","href":"https:\/\/api.w.org\/{rel}","templated":true}]}}