{"id":185475,"date":"2024-01-31T09:20:04","date_gmt":"2024-01-31T08:20:04","guid":{"rendered":"http:\/\/www.messinaoggi.it\/website\/?p=185475"},"modified":"2024-01-31T09:20:06","modified_gmt":"2024-01-31T08:20:06","slug":"cresce-la-uil-fpl-iscritti-40-lavoratori-delle-coop-genesi-e-aldia","status":"publish","type":"post","link":"https:\/\/www.messinaoggi.it\/website\/2024\/01\/31\/cresce-la-uil-fpl-iscritti-40-lavoratori-delle-coop-genesi-e-aldia\/","title":{"rendered":"Cresce la Uil-Fpl, iscritti 40 lavoratori delle Coop Genesi e Aldia"},"content":{"rendered":"\n<p>Cresce la Uil-Fpl di Messina con l&#8217;arrivo di un piccolo &#8220;esercito&#8221; di iscritti provenienti dal mondo delle Cooperative.<div id=\"div-gpt-ad-Messinaoggi.it-DSK-300x250-corpoart\" style=\"text-align:center;margin:0 auto;\"><\/div><\/p>\n\n\n\n<p>Premesso che la UIL Fpl di Messina sta allargando i propri orizzonti in pi\u00f9 luoghi di lavoro, al fine di tutelare al meglio i lavoratori che in molte occasioni vengono bistrattati, ovvero ridotti nell\u2019esercizio dei propri diritti, la UIL FPL\u00a0 rende noto che, circa 40 dipendenti delle Coop. Genesi ed Aldia, hanno chiesto di essere tutelati dalla scrivente organizzazione, che ha ben accolto l\u2019invito e li rappresenter\u00e0 difendendo i diritti dei lavoratori facendosi portavoce con i vertici aziendali.<div id=\"videoincontent\" style=\"clear:both\";><\/div><\/p>\n\n\n\n<p>Si fa presente che i lavoratori hanno nominato quali loro rappresentanti aziendali della Uil FPL , <strong>Danilo Cavallaro<\/strong>, (Segretario Aziendale) e <strong>Letterio Sollima<\/strong>\u00a0 (referente ) per la Coop. Genesi e <strong>Gaetano Arico<\/strong> per la Coop Aldia (referente Aziendale)<\/p>\n\n\n\n<p>Siamo certi che la loro presenza costituir\u00e0 un valore in termini di Servizio, Soluzioni e Trasparenza.\u00a0<\/p>\n\n\n\n<p>\u201cLa Uil-Fpl, grazie ai propri dirigenti che giornalmente si dedicano  con impegno nelle diverse attivit\u00e0, sta continuando ad ottenere numerosissimi risultati anche tra i lavoratori delle Societ\u00e0 Cooperative che credono nella nostra azione sindacale in quanto svolta con seriet\u00e0 ed impegno affermando valori ed modelli limpidissimi\u201d.<\/p>\n\n\n\n<p>Lo dichiara il segretario generale della Uil-Fpl Messina, Livio Andronico.<\/p>\n\n\n\n<p><\/p>\n","protected":false},"excerpt":{"rendered":"<p>Cresce la Uil-Fpl di Messina con l&#8217;arrivo di un piccolo &#8220;esercito&#8221; di iscritti provenienti dal mondo delle Cooperative. Premesso che la UIL Fpl di Messina sta allargando i propri orizzonti in pi\u00f9 luoghi di lavoro, al fine di tutelare al meglio i lavoratori che in molte occasioni vengono bistrattati, ovvero ridotti nell\u2019esercizio dei propri diritti, [&hellip;]<\/p>\n","protected":false},"author":2,"featured_media":119549,"comment_status":"open","ping_status":"open","sticky":false,"template":"","format":"standard","meta":{"ub_ctt_via":"","_mi_skip_tracking":false},"categories":[6],"tags":[],"featured_image_src":"https:\/\/www.messinaoggi.it\/website\/wp-content\/uploads\/2022\/08\/0.jpg","author_info":{"display_name":"Redazione","author_link":"https:\/\/www.messinaoggi.it\/website\/author\/redazione\/"},"digistream_id":0,"digistream":false,"_links":{"self":[{"href":"https:\/\/www.messinaoggi.it\/website\/wp-json\/wp\/v2\/posts\/185475"}],"collection":[{"href":"https:\/\/www.messinaoggi.it\/website\/wp-json\/wp\/v2\/posts"}],"about":[{"href":"https:\/\/www.messinaoggi.it\/website\/wp-json\/wp\/v2\/types\/post"}],"author":[{"embeddable":true,"href":"https:\/\/www.messinaoggi.it\/website\/wp-json\/wp\/v2\/users\/2"}],"replies":[{"embeddable":true,"href":"https:\/\/www.messinaoggi.it\/website\/wp-json\/wp\/v2\/comments?post=185475"}],"version-history":[{"count":2,"href":"https:\/\/www.messinaoggi.it\/website\/wp-json\/wp\/v2\/posts\/185475\/revisions"}],"predecessor-version":[{"id":185479,"href":"https:\/\/www.messinaoggi.it\/website\/wp-json\/wp\/v2\/posts\/185475\/revisions\/185479"}],"wp:featuredmedia":[{"embeddable":true,"href":"https:\/\/www.messinaoggi.it\/website\/wp-json\/wp\/v2\/media\/119549"}],"wp:attachment":[{"href":"https:\/\/www.messinaoggi.it\/website\/wp-json\/wp\/v2\/media?parent=185475"}],"wp:term":[{"taxonomy":"category","embeddable":true,"href":"https:\/\/www.messinaoggi.it\/website\/wp-json\/wp\/v2\/categories?post=185475"},{"taxonomy":"post_tag","embeddable":true,"href":"https:\/\/www.messinaoggi.it\/website\/wp-json\/wp\/v2\/tags?post=185475"}],"curies":[{"name":"wp","href":"https:\/\/api.w.org\/{rel}","templated":true}]}}