{"id":185463,"date":"2024-01-30T23:08:03","date_gmt":"2024-01-30T22:08:03","guid":{"rendered":"https:\/\/www.messinaoggi.it\/website\/2024\/01\/30\/ciriani-sul-premieriato-spero-primo-via-libera-in-primavera\/"},"modified":"2024-01-30T23:08:03","modified_gmt":"2024-01-30T22:08:03","slug":"ciriani-sul-premieriato-spero-primo-via-libera-in-primavera","status":"publish","type":"post","link":"https:\/\/www.messinaoggi.it\/website\/2024\/01\/30\/ciriani-sul-premieriato-spero-primo-via-libera-in-primavera\/","title":{"rendered":"Ciriani \u201cSul premieriato spero primo via libera in primavera\u201d"},"content":{"rendered":"<div>ROMA (ITALPRESS) &#8211; Quello sul premierato &#8220;\u00e8 un processo di modernizzazione del Paese che ha fatto dell&#8217;instabilit\u00e0 la sua malattia pi\u00f9 grave, con bassa qualit\u00e0 della politica e governi che sono intenti a sopravvivere anzich\u00e8 a programmare. Stiamo ragionando sul testo migliore. L&#8217;accordo politico \u00e8 forte: governa chi ha vinto le elezioni&#8221;. Cos\u00ec Luca Ciriani, ministro per i Rapporti con il Parlamento, ospite a Tg2Post.<br \/>Quanto ai tempi per la riforma &#8220;cerchiamo di fare in fretta, ma bisogna essere molto prudenti e molto attenti. Spero che entro la primavera si possa avere il testo gi\u00e0 approvato in prima lettura al Senato, ma ci sar\u00e0 tempo per ulterori approfondimenti, ma vogliamo andare avanti spediti. E&#8217; un processo di riforma per un Paese moderno&#8221;. Se il presidente viene sfiduciato &#8220;semplicemente si dimette e si torna a votare&#8221;, spiega Ciriani. &#8220;Quindi l&#8217;ipotesi di un presidente bis \u00e8 pi\u00f9 di scuola&#8221; e questo avviene &#8220;anche nel caso di una Camera sola&#8221;. Inoltre &#8220;non ci saranno pi\u00f9 governi tecnici. I presidenti del Consiglio saranno soltanto persone che hanno ricevuto un consenso dagli elettori. Quindi \u00e8 impotante il giudizio dei cittadini&#8221;. Alle oposizioni che attaccano e dicono che si tratta di uno scambio con la Lega, Ciriani replica: &#8220;E&#8217; uno sciocchezza, noi stiamo attuando un programma in cui c&#8217;era scritto che il centrodestra avrebbe realizzato il premierato, il presidenzialismo e avrebbe dato pi\u00f9 autonomia alle Regioni in grado di dimostrare di sapere spendere meglio i soldi pubblici rispetto a quello che pu\u00f2 fare lo Stato. Un principio di autonoia che non \u00e8 di privilegio ma di responsabilit\u00e0&#8221;.<br \/>(ITALPRESS).<br \/>&#8211; Foto: Agenzia Fotogramma &#8211;<\/div>\n<div id=\"div-gpt-ad-Messinaoggi.it-DSK-300x250-corpoart\" style=\"text-align:center;margin:0 auto;\"><\/div><\/p><div id=\"videoincontent\" style=\"clear:both\";><\/div>","protected":false},"excerpt":{"rendered":"<p>ROMA (ITALPRESS) &#8211; Quello sul premierato &#8220;\u00e8 un processo di modernizzazione del Paese che ha fatto dell&#8217;instabilit\u00e0 la sua malattia pi\u00f9 grave, con bassa qualit\u00e0 della politica e governi che sono intenti a sopravvivere anzich\u00e8 a programmare. Stiamo ragionando sul testo migliore. L&#8217;accordo politico \u00e8 forte: governa chi ha vinto le elezioni&#8221;. Cos\u00ec Luca Ciriani, [&hellip;]<\/p>\n","protected":false},"author":18,"featured_media":185464,"comment_status":"closed","ping_status":"closed","sticky":false,"template":"","format":"standard","meta":{"ub_ctt_via":"","_mi_skip_tracking":false},"categories":[446],"tags":[783],"featured_image_src":"https:\/\/www.messinaoggi.it\/website\/wp-content\/uploads\/2024\/01\/20240130_2402.jpg","author_info":{"display_name":"Admin","author_link":"https:\/\/www.messinaoggi.it\/website\/author\/admin\/"},"digistream_id":0,"digistream":false,"_links":{"self":[{"href":"https:\/\/www.messinaoggi.it\/website\/wp-json\/wp\/v2\/posts\/185463"}],"collection":[{"href":"https:\/\/www.messinaoggi.it\/website\/wp-json\/wp\/v2\/posts"}],"about":[{"href":"https:\/\/www.messinaoggi.it\/website\/wp-json\/wp\/v2\/types\/post"}],"author":[{"embeddable":true,"href":"https:\/\/www.messinaoggi.it\/website\/wp-json\/wp\/v2\/users\/18"}],"replies":[{"embeddable":true,"href":"https:\/\/www.messinaoggi.it\/website\/wp-json\/wp\/v2\/comments?post=185463"}],"version-history":[{"count":0,"href":"https:\/\/www.messinaoggi.it\/website\/wp-json\/wp\/v2\/posts\/185463\/revisions"}],"wp:featuredmedia":[{"embeddable":true,"href":"https:\/\/www.messinaoggi.it\/website\/wp-json\/wp\/v2\/media\/185464"}],"wp:attachment":[{"href":"https:\/\/www.messinaoggi.it\/website\/wp-json\/wp\/v2\/media?parent=185463"}],"wp:term":[{"taxonomy":"category","embeddable":true,"href":"https:\/\/www.messinaoggi.it\/website\/wp-json\/wp\/v2\/categories?post=185463"},{"taxonomy":"post_tag","embeddable":true,"href":"https:\/\/www.messinaoggi.it\/website\/wp-json\/wp\/v2\/tags?post=185463"}],"curies":[{"name":"wp","href":"https:\/\/api.w.org\/{rel}","templated":true}]}}