{"id":185447,"date":"2024-01-30T20:08:02","date_gmt":"2024-01-30T19:08:02","guid":{"rendered":"https:\/\/www.messinaoggi.it\/website\/2024\/01\/30\/in-senato-presentata-tessera-socio-unpli-2024-sara-dedicata-alle-marche\/"},"modified":"2024-01-30T20:08:02","modified_gmt":"2024-01-30T19:08:02","slug":"in-senato-presentata-tessera-socio-unpli-2024-sara-dedicata-alle-marche","status":"publish","type":"post","link":"https:\/\/www.messinaoggi.it\/website\/2024\/01\/30\/in-senato-presentata-tessera-socio-unpli-2024-sara-dedicata-alle-marche\/","title":{"rendered":"In Senato presentata tessera Socio Unpli 2024, sar\u00e0 dedicata alle Marche"},"content":{"rendered":"<div>ROMA (ITALPRESS) &#8211; A Palazzo Madama, su iniziativa del senatore Antonio De Poli, \u00e8 stata presentata alla stampa la tessera del socio UNPLI 2024, che sar\u00e0 dedicata quest&#8217;anno alle Marche. La tessera associativa UNPLI \u00e8 dedicata dal 2018 alle principali realt\u00e0 italiane che sono state riconosciute dall&#8217;UNESCO come Patrimoni dell&#8217;Umanit\u00e0. E&#8217; il caso di Matera, Capitale Europea della Cultura, per la Tessera 2019, di Catania con la sua architettura barocca per quella 2020, del Veneto con le Colline del Prosecco per il 2021, i luoghi UNESCO dell&#8217;Alto Piemonte per il 2022, di Bergamo Brescia Capitale Italiana della Cultura per il 2023 e della Regione Marche per il 2024.<br \/>&#8220;Oggi presentiamo la tessera del socio UNPLI 2024 che, quest&#8217;anno, \u00e8 dedicata alle Marche, una terra bellissima che rappresenta un&#8217;infinit\u00e0 di luoghi e di bellezze che anche noi, come Pro Loco, vogliamo promuovere grazie ai nostri 400.000 soci in tutta Italia. Un anno di iniziative per sostenere Pesaro capitale della cultura ma anche tutto il territorio marchigiano: nei prossimi mesi promuoveremo diverse manifestazioni ed eventi: le Pro Loco in festa, le Pro Loco nei Sibillini, una serie di momenti che, insieme alla nostra tessera, saranno un veicolo per permettere ai nostri associati di conoscere questa bellissima regione&#8221;, ha detto il Presidente nazionale UNPLI Antonino La Spina.<br \/>&#8220;Le Marche, cos\u00ec come tutta l&#8217;Italia, hanno uno straordinario patrimonio dal punto di vista naturalistico, culturale, storico-artistico ed enogastronomico, che viene valorizzato grazie alle attivit\u00e0 e all&#8217;impegno e soprattutto alla generosit\u00e0 delle Pro Loco. Sono oltre 18.000 i volontari delle Pro Loco solo nelle Marche e sono i migliori ambasciatori dei nostri territori&#8221;, ha aggiunto De Poli che nel corso della conferenza stampa ha annunciato che il disegno di legge sul riconoscimento delle Pro Loco e sulla manifestazioni temporanee, a sua prima firma, verr\u00e0 calendarizzato la prossima settimana in Senato. &#8220;E&#8217; un&#8217;ottima notizia che riconosce il grande lavoro svolto dallo straordinario mondo delle Pro Loco&#8221;, ha aggiunto.<br \/>&#8220;Poter promuovere le Marche attraverso un canale prestigioso come l&#8217;UNPLI ci riempie di orgoglio &#8211; ha detto Lucia Albano, sottosegretario al Ministero dell&#8217;Economia e delle finanze -. Le Pro Loco rappresentano un&#8217;eccellenza italiana del terzo settore che promuove e custodisce le bellezze locali e le tradizioni. Siamo davvero soddisfatti che le Marche siano rappresentate dal lavoro di tanti volontari che, ogni giorno, mostrano attaccamento ai territori&#8221;.<br \/>&#8220;Siamo grati a tutti coloro che animano con tanta passione e militanza volontaria i nostri territori: la bellezza dell&#8217;Italia per essere fruita ha bisogno di voi&#8221;, ha detto il senatore Guido Castelli e Commissario alla ricostruzione post-sisma Centro-Italia. &#8220;Il programma sar\u00e0 molto intenso: 30 appuntamenti in 52 settimane. Si tratta di uno sforzo eccezionale da parte dei nostri volontari. Solo nelle Marche si svolgeranno solo 2000 eventi medio-grandi nel 2024. Nei prossimi giorni verr\u00e0 pubblicato sui canali istituzionali il calendario con tutte le nostre attivit\u00e0&#8221;, ha spiegato Marco Silla, presidente UNPLI Marche. <div id=\"div-gpt-ad-Messinaoggi.it-DSK-300x250-corpoart\" style=\"text-align:center;margin:0 auto;\"><\/div><\/p>\n<p>&#8211; foto xc3\/Italpress<div id=\"videoincontent\" style=\"clear:both\";><\/div><\/p>\n<p>(ITALPRESS).<\/p><\/div>\n","protected":false},"excerpt":{"rendered":"<p>ROMA (ITALPRESS) &#8211; A Palazzo Madama, su iniziativa del senatore Antonio De Poli, \u00e8 stata presentata alla stampa la tessera del socio UNPLI 2024, che sar\u00e0 dedicata quest&#8217;anno alle Marche. La tessera associativa UNPLI \u00e8 dedicata dal 2018 alle principali realt\u00e0 italiane che sono state riconosciute dall&#8217;UNESCO come Patrimoni dell&#8217;Umanit\u00e0. E&#8217; il caso di Matera, [&hellip;]<\/p>\n","protected":false},"author":18,"featured_media":185448,"comment_status":"closed","ping_status":"closed","sticky":false,"template":"","format":"standard","meta":{"ub_ctt_via":"","_mi_skip_tracking":false},"categories":[446],"tags":[783],"featured_image_src":"https:\/\/www.messinaoggi.it\/website\/wp-content\/uploads\/2024\/01\/20240130_2268.jpg","author_info":{"display_name":"Admin","author_link":"https:\/\/www.messinaoggi.it\/website\/author\/admin\/"},"digistream_id":0,"digistream":false,"_links":{"self":[{"href":"https:\/\/www.messinaoggi.it\/website\/wp-json\/wp\/v2\/posts\/185447"}],"collection":[{"href":"https:\/\/www.messinaoggi.it\/website\/wp-json\/wp\/v2\/posts"}],"about":[{"href":"https:\/\/www.messinaoggi.it\/website\/wp-json\/wp\/v2\/types\/post"}],"author":[{"embeddable":true,"href":"https:\/\/www.messinaoggi.it\/website\/wp-json\/wp\/v2\/users\/18"}],"replies":[{"embeddable":true,"href":"https:\/\/www.messinaoggi.it\/website\/wp-json\/wp\/v2\/comments?post=185447"}],"version-history":[{"count":0,"href":"https:\/\/www.messinaoggi.it\/website\/wp-json\/wp\/v2\/posts\/185447\/revisions"}],"wp:featuredmedia":[{"embeddable":true,"href":"https:\/\/www.messinaoggi.it\/website\/wp-json\/wp\/v2\/media\/185448"}],"wp:attachment":[{"href":"https:\/\/www.messinaoggi.it\/website\/wp-json\/wp\/v2\/media?parent=185447"}],"wp:term":[{"taxonomy":"category","embeddable":true,"href":"https:\/\/www.messinaoggi.it\/website\/wp-json\/wp\/v2\/categories?post=185447"},{"taxonomy":"post_tag","embeddable":true,"href":"https:\/\/www.messinaoggi.it\/website\/wp-json\/wp\/v2\/tags?post=185447"}],"curies":[{"name":"wp","href":"https:\/\/api.w.org\/{rel}","templated":true}]}}