{"id":18534,"date":"2018-04-23T11:47:20","date_gmt":"2018-04-23T09:47:20","guid":{"rendered":"http:\/\/www.messinaoggi.it\/website\/?p=18534"},"modified":"2018-04-23T11:47:20","modified_gmt":"2018-04-23T09:47:20","slug":"maxi-sbarco-in-sicilia-tratti-in-salvo-1400-migranti","status":"publish","type":"post","link":"https:\/\/www.messinaoggi.it\/website\/2018\/04\/23\/maxi-sbarco-in-sicilia-tratti-in-salvo-1400-migranti\/","title":{"rendered":"Maxi-sbarco in Sicilia: salvati 1400 migranti"},"content":{"rendered":"<p style=\"text-align: justify\">Sbarchi da record in Italia, come non se ne vedevano ormai da mesi. Nelle ultime 48 ore sono state salvate quasi 1400 persone dalle acque del Mediterraneo, cifre da capogiro se si considera il ristrettissimo arco temporale in cui tutto ci\u00f2 ha avuto luogo. Un evento tra l&#8217;altro abbastanza insolito se teniamo conto del brusco calo degli sbarchi che si \u00e8 avuto a seguito della stretta sui migranti attuata lo scorso anno dal ministro uscente Marco Minniti: negli ultimi mesi si era infatti registrato un calo degli sbarchi dell&#8217;80%.<div id=\"div-gpt-ad-Messinaoggi.it-DSK-300x250-corpoart\" style=\"text-align:center;margin:0 auto;\"><\/div><\/p>\n<p style=\"text-align: justify\">Diversi sono i motivi che stanno alla base di questa nuova impennata, ma che trovano un comune denominatore in una figura: <strong>Khalifa Haftar. <\/strong>Sembrerebbe infatti essere morto per una grave malattia il generale Khalifa Haftar, noto anche con l\u2019appellativo di uomo forte della Cirenaica, che per mesi aveva combattuto gli integralisti islamici che avevano preso il controllo della Cirenaica, regione geografica della Libia orientale. Durante la sua reggenza infatti era stata attuata una dura repressione nei confronti dei terroristi islamici, grazie alla quale era riuscito a portare una certa stabilit\u00e0 all\u2019interno delle aree che erano sotto il suo controllo.<div id=\"videoincontent\" style=\"clear:both\";><\/div><\/p>\n<p style=\"text-align: justify\">Adesso l\u2019evento della sua morte molto probabilmente aprir\u00e0 un nuovo capitolo cupo in Libia, dato che il generale garantiva un ferreo controllo su una zona ampia del paese. E infatti a distanza di pochi giorni dalla sua presunta morte il numero due del generale, il capo di Stato maggiore Abdel Razzak al Nadouri, \u00e8 stato gi\u00e0 preso di mira dagli integralisti islamici: un&#8217;autobomba \u00e8 esplosa durante il passaggio del convoglio che trasportava il capo di Stato maggiore dell&#8217;Esercito nazionale libico; Abdel Razzak al Nadouri \u00e8 riuscito a salvarsi.<\/p>\n<p style=\"text-align: justify\">Tornando allo sbarco verificatosi lo scorso weekend, 538 migranti a bordo della nave Aquarius di Sos Mediterran\u00e9e sono appena giunti nel porto di Trapani; 93 sono stati trasferiti ieri a Pozzallo da una nave militare; 500 sono attualmente sulla nave tedesca di Eunavformed e a breve giungeranno a Catania. Al momento ignota la destinazione dei restanti 228 migranti, che al momento sono ripartiti tra la Proactiva Open Arms e la Seawatch che hanno tratto loro in salvo.<\/p>\n<p style=\"text-align: justify\">Stando a fonti della Marina libica, al momento sono state recuperate 11 salme, anche se il bilancio sembrerebbe essere destinato ad aumentare dato che si contano diversi dispersi; altri 263 migranti sono stati invece salvati e riportati in Libia.<\/p>\n","protected":false},"excerpt":{"rendered":"<p>Sbarchi da record in Italia, come non se ne vedevano ormai da mesi. Nelle ultime 48 ore sono state salvate quasi 1400 persone dalle acque del Mediterraneo, cifre da capogiro se si considera il ristrettissimo arco temporale in cui tutto ci\u00f2 ha avuto luogo. Un evento tra l&#8217;altro abbastanza insolito se teniamo conto del brusco [&hellip;]<\/p>\n","protected":false},"author":10,"featured_media":1561,"comment_status":"closed","ping_status":"open","sticky":false,"template":"","format":"standard","meta":{"ub_ctt_via":"","_mi_skip_tracking":false},"categories":[11],"tags":[],"featured_image_src":"https:\/\/www.messinaoggi.it\/website\/wp-content\/uploads\/2017\/06\/Migranti-soccorsi-2.jpg","author_info":{"display_name":"Paolo Mustica","author_link":"https:\/\/www.messinaoggi.it\/website\/author\/p-mustica\/"},"digistream_id":0,"digistream":false,"_links":{"self":[{"href":"https:\/\/www.messinaoggi.it\/website\/wp-json\/wp\/v2\/posts\/18534"}],"collection":[{"href":"https:\/\/www.messinaoggi.it\/website\/wp-json\/wp\/v2\/posts"}],"about":[{"href":"https:\/\/www.messinaoggi.it\/website\/wp-json\/wp\/v2\/types\/post"}],"author":[{"embeddable":true,"href":"https:\/\/www.messinaoggi.it\/website\/wp-json\/wp\/v2\/users\/10"}],"replies":[{"embeddable":true,"href":"https:\/\/www.messinaoggi.it\/website\/wp-json\/wp\/v2\/comments?post=18534"}],"version-history":[{"count":0,"href":"https:\/\/www.messinaoggi.it\/website\/wp-json\/wp\/v2\/posts\/18534\/revisions"}],"wp:featuredmedia":[{"embeddable":true,"href":"https:\/\/www.messinaoggi.it\/website\/wp-json\/wp\/v2\/media\/1561"}],"wp:attachment":[{"href":"https:\/\/www.messinaoggi.it\/website\/wp-json\/wp\/v2\/media?parent=18534"}],"wp:term":[{"taxonomy":"category","embeddable":true,"href":"https:\/\/www.messinaoggi.it\/website\/wp-json\/wp\/v2\/categories?post=18534"},{"taxonomy":"post_tag","embeddable":true,"href":"https:\/\/www.messinaoggi.it\/website\/wp-json\/wp\/v2\/tags?post=18534"}],"curies":[{"name":"wp","href":"https:\/\/api.w.org\/{rel}","templated":true}]}}