{"id":185266,"date":"2024-01-29T14:35:28","date_gmt":"2024-01-29T13:35:28","guid":{"rendered":"http:\/\/www.messinaoggi.it\/website\/?p=185266"},"modified":"2024-01-29T14:52:28","modified_gmt":"2024-01-29T13:52:28","slug":"camaro-sottomontagna-al-via-le-demolizioni-delle-baracche","status":"publish","type":"post","link":"https:\/\/www.messinaoggi.it\/website\/2024\/01\/29\/camaro-sottomontagna-al-via-le-demolizioni-delle-baracche\/","title":{"rendered":"Camaro Sottomontagna, al via le demolizioni delle baracche"},"content":{"rendered":"\n<p>Sono iniziate questa mattina, alla presenza del sindaco <strong>Federico Basile<\/strong>, del vicesindaco e assessore al Risanamento e rapporti con ARISME <strong>Salvatore Mondello<\/strong>, del sub commissario per l\u2019Emergenza Risanamento <strong>Marcello Scurria<\/strong>, del CdA di ARISME, di una rappresentanza del Consiglio comunale e della III Municipalit\u00e0, le operazioni di demolizione delle baracche di Camaro Sottomontagna.<div id=\"div-gpt-ad-Messinaoggi.it-DSK-300x250-corpoart\" style=\"text-align:center;margin:0 auto;\"><\/div><\/p>\n\n\n\n<figure class=\"wp-block-image size-large\"><img loading=\"lazy\" width=\"1024\" height=\"768\" src=\"http:\/\/www.messinaoggi.it\/website\/wp-content\/uploads\/2024\/01\/FB_IMG_1706535241540.jpg\" alt=\"\" class=\"wp-image-185272\" srcset=\"https:\/\/www.messinaoggi.it\/website\/wp-content\/uploads\/2024\/01\/FB_IMG_1706535241540.jpg 1024w, https:\/\/www.messinaoggi.it\/website\/wp-content\/uploads\/2024\/01\/FB_IMG_1706535241540-300x225.jpg 300w, https:\/\/www.messinaoggi.it\/website\/wp-content\/uploads\/2024\/01\/FB_IMG_1706535241540-768x576.jpg 768w\" sizes=\"(max-width: 1024px) 100vw, 1024px\" \/><\/figure>\n\n\n\n<p>&#8220;Si lavora incessantemente per velocizzare le attivit\u00e0 di Risanamento &#8211; ha dichiarato il sindaco &#8211; ed\u00a0oggi\u00a0possiamo insieme apprezzare i risultati dell\u2019enorme mole di attivit\u00e0 effettuata dal Comune e Arisme, in sinergia con il Sub Commissario. Andiamo avanti con forza, nella consapevolezza che il 2024 sar\u00e0 l\u2019anno decisivo, che premier\u00e0 il lavoro iniziato fin dall\u2019insediamento dell\u2019ex sindaco Cateno De Luca e proseguito con la mia Amministrazione. Si proceder\u00e0 da\u00a0oggi\u00a0con i primi interventi di riqualificazione e rigenerazione urbana, per restituire una fascia di territorio cittadino a lungo dimenticata, che si andr\u00e0 ad aggiungere a tutte le aree interessate dai progetti, a riprova del fatto che la citt\u00e0 sta per essere affrancata da una piaga secolare, per ritrovare la piena dimensione di citt\u00e0 metropolitana moderna e proiettata verso il futuro\u201d.<div id=\"videoincontent\" style=\"clear:both\";><\/div><\/p>\n\n\n\n<p>\u00c8 intervenuta in merito anche <strong>Matilde Siracusano<\/strong>, sottosegretaria ai Rapporti con il Parlamento e deputata messinese di Forza Italia.<\/p>\n\n\n\n<p>Sono iniziate questa mattina le operazioni di demolizione delle baracche a Camaro Sottomontagna, un altro grande passo in avanti nel percorso di risanamento delle aree pi\u00f9 disagiate della citt\u00e0 di Messina. Negli ultimi anni abbiamo fatto molta strada, raggiungendo traguardi inimmaginabili solo qualche tempo fa, portando risorse e soluzioni per risolvere il dramma delle baraccopoli peloritane, uno scempio lungo pi\u00f9 di un secolo. Tante famiglie che hanno vissuto una vita nel degrado e in condizioni igienico-sanitarie da terzo mondo hanno gi\u00e0 avuto o avranno presto una sistemazione adeguata, per guardare al futuro con pi\u00f9 ottimismo e tranquillit\u00e0.Ringrazio il presidente della Regione Siciliana e commissario per l\u2019emergenza risanamento, Renato Schifani, e il suo sub commissario Marcello Scurria, per il prezioso e positivo lavoro svolto. Andremo avanti con queste operazioni, perch\u00e9 l\u2019obiettivo primario \u00e8 quello di aiutare tutti senza lasciare indietro nessuno. Proprio per questa ragione sto lavorando sul decreto Milleproroghe affinch\u00e9 ci sia un\u2019ulteriore proroga al commissariamento anche per tutto il 2025\u201d.<\/p>\n\n\n\n<p><\/p>\n","protected":false},"excerpt":{"rendered":"<p>Sono iniziate questa mattina, alla presenza del sindaco Federico Basile, del vicesindaco e assessore al Risanamento e rapporti con ARISME Salvatore Mondello, del sub commissario per l\u2019Emergenza Risanamento Marcello Scurria, del CdA di ARISME, di una rappresentanza del Consiglio comunale e della III Municipalit\u00e0, le operazioni di demolizione delle baracche di Camaro Sottomontagna. &#8220;Si lavora [&hellip;]<\/p>\n","protected":false},"author":15,"featured_media":185271,"comment_status":"open","ping_status":"open","sticky":false,"template":"","format":"standard","meta":{"ub_ctt_via":"","_mi_skip_tracking":false},"categories":[6],"tags":[897,1552,1266,2759,743,2972,3375,2406],"featured_image_src":"https:\/\/www.messinaoggi.it\/website\/wp-content\/uploads\/2024\/01\/FB_IMG_1706535248218.jpg","author_info":{"display_name":"red.me","author_link":"https:\/\/www.messinaoggi.it\/website\/author\/red-me\/"},"digistream_id":0,"digistream":false,"_links":{"self":[{"href":"https:\/\/www.messinaoggi.it\/website\/wp-json\/wp\/v2\/posts\/185266"}],"collection":[{"href":"https:\/\/www.messinaoggi.it\/website\/wp-json\/wp\/v2\/posts"}],"about":[{"href":"https:\/\/www.messinaoggi.it\/website\/wp-json\/wp\/v2\/types\/post"}],"author":[{"embeddable":true,"href":"https:\/\/www.messinaoggi.it\/website\/wp-json\/wp\/v2\/users\/15"}],"replies":[{"embeddable":true,"href":"https:\/\/www.messinaoggi.it\/website\/wp-json\/wp\/v2\/comments?post=185266"}],"version-history":[{"count":3,"href":"https:\/\/www.messinaoggi.it\/website\/wp-json\/wp\/v2\/posts\/185266\/revisions"}],"predecessor-version":[{"id":185274,"href":"https:\/\/www.messinaoggi.it\/website\/wp-json\/wp\/v2\/posts\/185266\/revisions\/185274"}],"wp:featuredmedia":[{"embeddable":true,"href":"https:\/\/www.messinaoggi.it\/website\/wp-json\/wp\/v2\/media\/185271"}],"wp:attachment":[{"href":"https:\/\/www.messinaoggi.it\/website\/wp-json\/wp\/v2\/media?parent=185266"}],"wp:term":[{"taxonomy":"category","embeddable":true,"href":"https:\/\/www.messinaoggi.it\/website\/wp-json\/wp\/v2\/categories?post=185266"},{"taxonomy":"post_tag","embeddable":true,"href":"https:\/\/www.messinaoggi.it\/website\/wp-json\/wp\/v2\/tags?post=185266"}],"curies":[{"name":"wp","href":"https:\/\/api.w.org\/{rel}","templated":true}]}}