{"id":185226,"date":"2024-01-29T10:34:09","date_gmt":"2024-01-29T09:34:09","guid":{"rendered":"http:\/\/www.messinaoggi.it\/website\/?p=185226"},"modified":"2024-01-29T10:35:06","modified_gmt":"2024-01-29T09:35:06","slug":"economia-alla-canna-del-gas-serve-una-cabina-di-regia","status":"publish","type":"post","link":"https:\/\/www.messinaoggi.it\/website\/2024\/01\/29\/economia-alla-canna-del-gas-serve-una-cabina-di-regia\/","title":{"rendered":"Economia alla canna del gas: serve una cabina di regia"},"content":{"rendered":"\n<p>Una lenta agonia. Oggi &#8220;certificata&#8221; dalla Camera di Commercio di Messina che ha diffuso i dati del report annuale (2023), sulle aziende che hanno chiuso battente nell&#8217;anno appena trascorso. <div id=\"div-gpt-ad-Messinaoggi.it-DSK-300x250-corpoart\" style=\"text-align:center;margin:0 auto;\"><\/div><\/p>\n\n\n\n<p>Il dato \u00e8 impietoso e si riferisce alla citt\u00e0 capoluogo e alla provincia. Tremila aziende che hanno cessato di esistere: un numero spropositato rispetto al resto della Sicilia.<div id=\"videoincontent\" style=\"clear:both\";><\/div><\/p>\n\n\n\n<p>E&#8217; scattata subito la caccia alle streghe. Di chi \u00e8 la colpa? Della politica, ovviamente, ma non solo. La politica (a tutti i livelli) che si \u00e8 mostrata incapace di sapere sfruttare le grandi opportunit\u00e0 derivanti anche dal PNRR. Ma la colpa non pu\u00f2 essere ascritta solo alla politica locale e regionale. C&#8217;\u00e8 dell&#8217;altro che va ricercato nella incapacit\u00e0 conclamata di fare sistema fra tutti gli attori istituzionali.<\/p>\n\n\n\n<p>Che l&#8217;economia messinese stia attraversando da decenni una profonda crisi \u00e8 notorio a tutti, ma non s&#8217;\u00e8 fatto nulla per tentare di fermare questa preoccupante emorragia che sta portando i nostri giovani a fuggire da questa terra. Il dato dell&#8217;ultimo decennio sulla &#8220;migrazione giovanile&#8221; \u00e8 impietoso: quasi in 40mila hanno salutato Messina per non farvi pi\u00f9 ritorno. <\/p>\n\n\n\n<p>In questo scenario apocalittico si inseriscono le politiche di sviluppo fallimentari lanciate da chi gestisce la cosa pubblica. A Messina soffre particolarmente il commercio. Non c&#8217;era bisogno del report della Camera di Commercio per saperlo, basta passeggiare per il centro cittadino e vedere i saracinesche abbassate per capirlo. Che fare allora?<\/p>\n\n\n\n<p>Sicuramente continuare cos\u00ec \u00e8 da criminali. E allora bisogna guardare con grande attenzione alla realizzazione del Ponte sullo Stretto e soprattutto mettere in piedi una &#8220;Unit\u00e0 di crisi sull&#8217;economia&#8221;. Serve un organismo che metta attorno a un tavolo tutti gli attori. Una &#8220;cabina di regia&#8221; guidata dall&#8217;Universit\u00e0 di Messina, la quale ha l&#8217;obbligo di mettere a disposizione il suo sapere per risollevare le sorti di una provincia che \u00e8 ormai alla canna del gas. Vanno coinvolti le amministrazioni locali e soprattutto i rappresentanti delle associazioni datoriali, ai quali consigliamo di non distrarsi con l&#8217;organizzazione di manifestazioni mangerecce. <\/p>\n\n\n\n<p class=\"has-text-align-right\"><strong>Davide Gambale<\/strong><\/p>\n","protected":false},"excerpt":{"rendered":"<p>Una lenta agonia. Oggi &#8220;certificata&#8221; dalla Camera di Commercio di Messina che ha diffuso i dati del report annuale (2023), sulle aziende che hanno chiuso battente nell&#8217;anno appena trascorso. Il dato \u00e8 impietoso e si riferisce alla citt\u00e0 capoluogo e alla provincia. Tremila aziende che hanno cessato di esistere: un numero spropositato rispetto al resto [&hellip;]<\/p>\n","protected":false},"author":2,"featured_media":450,"comment_status":"open","ping_status":"open","sticky":false,"template":"","format":"standard","meta":{"ub_ctt_via":"","_mi_skip_tracking":false},"categories":[19],"tags":[1012,9476,5868,4042],"featured_image_src":"https:\/\/www.messinaoggi.it\/website\/wp-content\/uploads\/2017\/05\/camera-commercio-messina-2.jpg","author_info":{"display_name":"Redazione","author_link":"https:\/\/www.messinaoggi.it\/website\/author\/redazione\/"},"digistream_id":0,"digistream":false,"_links":{"self":[{"href":"https:\/\/www.messinaoggi.it\/website\/wp-json\/wp\/v2\/posts\/185226"}],"collection":[{"href":"https:\/\/www.messinaoggi.it\/website\/wp-json\/wp\/v2\/posts"}],"about":[{"href":"https:\/\/www.messinaoggi.it\/website\/wp-json\/wp\/v2\/types\/post"}],"author":[{"embeddable":true,"href":"https:\/\/www.messinaoggi.it\/website\/wp-json\/wp\/v2\/users\/2"}],"replies":[{"embeddable":true,"href":"https:\/\/www.messinaoggi.it\/website\/wp-json\/wp\/v2\/comments?post=185226"}],"version-history":[{"count":2,"href":"https:\/\/www.messinaoggi.it\/website\/wp-json\/wp\/v2\/posts\/185226\/revisions"}],"predecessor-version":[{"id":185236,"href":"https:\/\/www.messinaoggi.it\/website\/wp-json\/wp\/v2\/posts\/185226\/revisions\/185236"}],"wp:featuredmedia":[{"embeddable":true,"href":"https:\/\/www.messinaoggi.it\/website\/wp-json\/wp\/v2\/media\/450"}],"wp:attachment":[{"href":"https:\/\/www.messinaoggi.it\/website\/wp-json\/wp\/v2\/media?parent=185226"}],"wp:term":[{"taxonomy":"category","embeddable":true,"href":"https:\/\/www.messinaoggi.it\/website\/wp-json\/wp\/v2\/categories?post=185226"},{"taxonomy":"post_tag","embeddable":true,"href":"https:\/\/www.messinaoggi.it\/website\/wp-json\/wp\/v2\/tags?post=185226"}],"curies":[{"name":"wp","href":"https:\/\/api.w.org\/{rel}","templated":true}]}}