{"id":185025,"date":"2024-01-26T16:08:35","date_gmt":"2024-01-26T15:08:35","guid":{"rendered":"https:\/\/www.messinaoggi.it\/website\/2024\/01\/26\/allegri-la-juve-e-sinner-linter-e-djokovic\/"},"modified":"2024-01-26T16:08:35","modified_gmt":"2024-01-26T15:08:35","slug":"allegri-la-juve-e-sinner-linter-e-djokovic","status":"publish","type":"post","link":"https:\/\/www.messinaoggi.it\/website\/2024\/01\/26\/allegri-la-juve-e-sinner-linter-e-djokovic\/","title":{"rendered":"Allegri \u201cLa Juve \u00e8 Sinner, l\u2019Inter \u00e8 Djokovic\u201d"},"content":{"rendered":"<div>TORINO (ITALPRESS) &#8211; Le schermaglie dialettiche fra le protagoniste della Serie A, ovvero Juventus e Inter, in attesa dello scontro diretto del 4 febbraio, continuano. Questa volta, dopo il &#8220;guardie e ladri&#8221; e il &#8220;nascondino&#8221;, tocca ai paragoni tennistici. &#8220;Noi siamo pi\u00f9 giovani, come et\u00e0, quindi direi che noi siamo Sinner e l&#8217;Inter \u00e8 Djokovic&#8221;, ha detto Massimiliano Allegri in conferenza stampa, precisando poi: &#8220;Non sono certo. Lasciamo stare, poi la prendono male, sono permalosi&#8221;. Alla vigilia della gara interna contro l&#8217;Empoli, l&#8217;allenatore dei bianconeri, per\u00f2, non vuole distrazioni: &#8220;Sappiamo dell&#8217;importanza della gara di domani e dobbiamo cercare di fare bene. Abbiamo lavorato molto sui nostri limiti, stiamo molto bene fisicamente e mentalmente. Abbiamo una partita da vincere. L&#8217;Empoli viene da una bella vittoria. Nicola ha dato molta solidit\u00e0 alla squadra. Le partite vanno vinte sul campo, sapendo che, come tutte le altre, sar\u00e0 complicata&#8221;, ha aggiunto il tecnico livornese. Sulla squadra che affronter\u00e0 i toscani c&#8217;\u00e8 ancora qualche punto interrogativo: &#8220;A centrocampo giocher\u00e0 Miretti. Ho qualche dubbio invece in difesa e sugli esterni: Danilo \u00e8 diffidato, decider\u00f2 se metterlo o meno in campo. Per domani Chiesa non \u00e8 disponibile, \u00e8 stato fermo una settimana: proveremo a recuperarlo per la gara con l&#8217;Inter&#8221;. Tornando alla sfida con i nerazzurri, Allegri ha precisato: &#8220;Non la chiamerei scontro diretto, mancano ancora tante partite oltre a questa del 4 febbraio. La chiamerei Inter-Juventus, non scordiamoci che il Milan pu\u00f2 rientrare nella lotta scudetto. Noi dobbiamo pensare a noi stessi, dobbiamo fare tre punti domani e dobbiamo restare sempre in equilibrio&#8221;. Chiusura sui singoli: &#8220;Tiago Djal\u00f2 ha fatto parte degli allenamenti con la squadra e ha fatto dei test con lo staff. Rientra da un &#8216;crociat\u00f2 e piano, piano lo inseriremo. E&#8217; comunque una buona risorsa per noi. Miretti ha fatto cose importanti. Bisogna lasciarlo crescere: per le potenzialit\u00e0 che ha pu\u00f2 fare decisamente meglio. Yildiz ha fatto molto bene in queste partite, nonostante la giovane et\u00e0 \u00e8 molto inquadrato. Milik \u00e8 sereno, perch\u00e8 sta bene fisicamente e mentalmente. E&#8217; un giocatore affidabile, di grande tecnica e quando entra a gara in corso sa essere determinante. Kean? Momentaneamente \u00e8 un giocatore della Juve, vedremo cosa succeder\u00e0 nei prossimi giorni&#8221;.<br \/>\n&#8211; foto Ipa Agency &#8211;<br \/>\n(ITALPRESS).<\/div>\n<div id=\"div-gpt-ad-Messinaoggi.it-DSK-300x250-corpoart\" style=\"text-align:center;margin:0 auto;\"><\/div><\/p><div id=\"videoincontent\" style=\"clear:both\";><\/div>","protected":false},"excerpt":{"rendered":"<p>TORINO (ITALPRESS) &#8211; Le schermaglie dialettiche fra le protagoniste della Serie A, ovvero Juventus e Inter, in attesa dello scontro diretto del 4 febbraio, continuano. Questa volta, dopo il &#8220;guardie e ladri&#8221; e il &#8220;nascondino&#8221;, tocca ai paragoni tennistici. &#8220;Noi siamo pi\u00f9 giovani, come et\u00e0, quindi direi che noi siamo Sinner e l&#8217;Inter \u00e8 Djokovic&#8221;, [&hellip;]<\/p>\n","protected":false},"author":18,"featured_media":185026,"comment_status":"closed","ping_status":"closed","sticky":false,"template":"","format":"standard","meta":{"ub_ctt_via":"","_mi_skip_tracking":false},"categories":[446],"tags":[783],"featured_image_src":"https:\/\/www.messinaoggi.it\/website\/wp-content\/uploads\/2024\/01\/20240126_1211.jpg","author_info":{"display_name":"Admin","author_link":"https:\/\/www.messinaoggi.it\/website\/author\/admin\/"},"digistream_id":0,"digistream":false,"_links":{"self":[{"href":"https:\/\/www.messinaoggi.it\/website\/wp-json\/wp\/v2\/posts\/185025"}],"collection":[{"href":"https:\/\/www.messinaoggi.it\/website\/wp-json\/wp\/v2\/posts"}],"about":[{"href":"https:\/\/www.messinaoggi.it\/website\/wp-json\/wp\/v2\/types\/post"}],"author":[{"embeddable":true,"href":"https:\/\/www.messinaoggi.it\/website\/wp-json\/wp\/v2\/users\/18"}],"replies":[{"embeddable":true,"href":"https:\/\/www.messinaoggi.it\/website\/wp-json\/wp\/v2\/comments?post=185025"}],"version-history":[{"count":0,"href":"https:\/\/www.messinaoggi.it\/website\/wp-json\/wp\/v2\/posts\/185025\/revisions"}],"wp:featuredmedia":[{"embeddable":true,"href":"https:\/\/www.messinaoggi.it\/website\/wp-json\/wp\/v2\/media\/185026"}],"wp:attachment":[{"href":"https:\/\/www.messinaoggi.it\/website\/wp-json\/wp\/v2\/media?parent=185025"}],"wp:term":[{"taxonomy":"category","embeddable":true,"href":"https:\/\/www.messinaoggi.it\/website\/wp-json\/wp\/v2\/categories?post=185025"},{"taxonomy":"post_tag","embeddable":true,"href":"https:\/\/www.messinaoggi.it\/website\/wp-json\/wp\/v2\/tags?post=185025"}],"curies":[{"name":"wp","href":"https:\/\/api.w.org\/{rel}","templated":true}]}}