{"id":185023,"date":"2024-01-26T15:07:59","date_gmt":"2024-01-26T14:07:59","guid":{"rendered":"https:\/\/www.messinaoggi.it\/website\/2024\/01\/26\/pioli-amo-leao-lavoriamo-per-essere-al-top-come-sinner\/"},"modified":"2024-01-26T15:07:59","modified_gmt":"2024-01-26T14:07:59","slug":"pioli-amo-leao-lavoriamo-per-essere-al-top-come-sinner","status":"publish","type":"post","link":"https:\/\/www.messinaoggi.it\/website\/2024\/01\/26\/pioli-amo-leao-lavoriamo-per-essere-al-top-come-sinner\/","title":{"rendered":"Pioli \u201cAmo Leao, lavoriamo per essere al top come Sinner\u201d"},"content":{"rendered":"<div>MILANO (ITALPRESS) &#8211; &#8220;La squadra sta vivendo un buon momento e sta bene mentalmente dopo aver vinto delle partite. Il nostro futuro \u00e8 solo la gara di domani&#8221;. Lo ha detto il tecnico del Milan, Stefano Pioli, alla vigilia della sfida di campionato di domani sera al &#8216;Meazz\u00e0 con il Bologna. &#8220;Leao? Se abbiamo segnato molto di pi\u00f9 dell&#8217;anno scorso e siamo il secondo miglior attacco del campionato \u00e8 anche tanto grazie a lui &#8211; ha aggiunto il mister rossonero in conferenza stampa &#8211; Per noi \u00e8 un punto di riferimento, ci sta offrendo tante soluzioni e sta servendo dei gran palloni. E&#8217; uno dei giocatori che in Serie A fornisce pi\u00f9 assist. Amo Rafa nel suo modo di essere, \u00e8 un artista, \u00e8 un genio, per\u00f2 ascolta. E&#8217; questa la cosa importante&#8221;. Anche i colleghi di Inter e Juventus, e cio\u00e8 Inzaghi e Allegri, inseriscono il &#8216;Diavol\u00f2 nella lotta per lo scudetto, Pioli preferisce il profilo basso: &#8220;Noi non siamo in quella lotteria. Dobbiamo pensare solo ai nostri risultati ed a una partita per volta&#8221;. Una battuta su Jannik Sinner, in finale agli Australian Open dopo aver battuto il numero 1 Novak Djokovic: &#8220;Ho visto la partita, ho la fortuna di andare a letto presto e di svegliarmi presto. Ha fatto qualcosa di incredibile, battere il numero uno come l&#8217;ha battuto lui&#8230; In questi anni nel nostro percorso abbiamo dimostrato di poter lavorare in un certo modo e di avere la mentalit\u00e0 giusta per provare a salire di livello. In quello credo che somigliamo a Jannik. Lui \u00e8 al top nel mondo, noi stiamo lavorando per arrivarci&#8221;. Pioli, infine, torna sugli insulti di stampo razzista rivolti al portiere Maignan a Udine: &#8220;Complimenti all&#8217;Udinese per come si \u00e8 comportata e per come ha gestito la situazione. Ci deve essere la certezza della pena per chi fa certe cose, questi episodi devono essere cancellati. Tutto ci\u00f2 che \u00e8 stato fatto verso Mike, anche dal nostro club, va portato avanti perch\u00e8 \u00e8 il momento di agire con fermezza. Ho trovato Mike sereno, forte, fiero del sostegno ricevuto da tutto il mondo &#8211; ha concluso &#8211; e da tutto l&#8217;ambiente calcistico&#8221;.<br \/>&#8211; Foto Ipa Agency &#8211;<br \/>(ITALPRESS).<\/div>\n<div id=\"div-gpt-ad-Messinaoggi.it-DSK-300x250-corpoart\" style=\"text-align:center;margin:0 auto;\"><\/div><\/p><div id=\"videoincontent\" style=\"clear:both\";><\/div>","protected":false},"excerpt":{"rendered":"<p>MILANO (ITALPRESS) &#8211; &#8220;La squadra sta vivendo un buon momento e sta bene mentalmente dopo aver vinto delle partite. Il nostro futuro \u00e8 solo la gara di domani&#8221;. Lo ha detto il tecnico del Milan, Stefano Pioli, alla vigilia della sfida di campionato di domani sera al &#8216;Meazz\u00e0 con il Bologna. &#8220;Leao? Se abbiamo segnato [&hellip;]<\/p>\n","protected":false},"author":18,"featured_media":185024,"comment_status":"closed","ping_status":"closed","sticky":false,"template":"","format":"standard","meta":{"ub_ctt_via":"","_mi_skip_tracking":false},"categories":[446],"tags":[783],"featured_image_src":"https:\/\/www.messinaoggi.it\/website\/wp-content\/uploads\/2024\/01\/20240126_1162.jpg","author_info":{"display_name":"Admin","author_link":"https:\/\/www.messinaoggi.it\/website\/author\/admin\/"},"digistream_id":0,"digistream":false,"_links":{"self":[{"href":"https:\/\/www.messinaoggi.it\/website\/wp-json\/wp\/v2\/posts\/185023"}],"collection":[{"href":"https:\/\/www.messinaoggi.it\/website\/wp-json\/wp\/v2\/posts"}],"about":[{"href":"https:\/\/www.messinaoggi.it\/website\/wp-json\/wp\/v2\/types\/post"}],"author":[{"embeddable":true,"href":"https:\/\/www.messinaoggi.it\/website\/wp-json\/wp\/v2\/users\/18"}],"replies":[{"embeddable":true,"href":"https:\/\/www.messinaoggi.it\/website\/wp-json\/wp\/v2\/comments?post=185023"}],"version-history":[{"count":0,"href":"https:\/\/www.messinaoggi.it\/website\/wp-json\/wp\/v2\/posts\/185023\/revisions"}],"wp:featuredmedia":[{"embeddable":true,"href":"https:\/\/www.messinaoggi.it\/website\/wp-json\/wp\/v2\/media\/185024"}],"wp:attachment":[{"href":"https:\/\/www.messinaoggi.it\/website\/wp-json\/wp\/v2\/media?parent=185023"}],"wp:term":[{"taxonomy":"category","embeddable":true,"href":"https:\/\/www.messinaoggi.it\/website\/wp-json\/wp\/v2\/categories?post=185023"},{"taxonomy":"post_tag","embeddable":true,"href":"https:\/\/www.messinaoggi.it\/website\/wp-json\/wp\/v2\/tags?post=185023"}],"curies":[{"name":"wp","href":"https:\/\/api.w.org\/{rel}","templated":true}]}}