{"id":185010,"date":"2024-01-26T14:08:04","date_gmt":"2024-01-26T13:08:04","guid":{"rendered":"https:\/\/www.messinaoggi.it\/website\/2024\/01\/26\/mattarella-litalia-non-tollera-lantisemitismo\/"},"modified":"2024-01-26T14:13:25","modified_gmt":"2024-01-26T13:13:25","slug":"mattarella-litalia-non-tollera-lantisemitismo","status":"publish","type":"post","link":"https:\/\/www.messinaoggi.it\/website\/2024\/01\/26\/mattarella-litalia-non-tollera-lantisemitismo\/","title":{"rendered":"Mattarella \u201cL\u2019Italia non tollera l\u2019antisemitismo\u201d"},"content":{"rendered":"<div>ROMA (ITALPRESS) &#8211; &#8220;La nostra Costituzione dispone con chiarezza: tutti cittadini sono portatori degli stessi diritti. La presenza ebraica \u00e8 stata fondamentale per lo sviluppo dell&#8217;Italia moderna e nella formazione della Repubblica. Le comunit\u00e0 ebraiche italiane sanno che l&#8217;Italia \u00e8 la loro casa e che la Repubblica, di cui sono parte integrante, non tollerer\u00e0, in alcun modo, minacce, intimidazioni e prepotenze nei loro confronti&#8221;. <br \/>Cos\u00ec il presidente della Repubblica, Sergio Mattarella, nel corso della celebrazione del &#8220;Giorno della Memoria&#8221; al Quirinale. <br \/>&#8220;Auschwitz spalancava &#8211; e spalanca tuttora &#8211; i suoi cancelli su un abisso oltre ogni immaginazione. Un orrore assoluto, senza precedenti &#8211; cui null&#8217;altro pu\u00f2 essere parificato &#8211; ideato e realizzato in nome di ideologie fondate sul mito della razza, dell&#8217;odio, del fanatismo, della prevaricazione&#8221;, sottolinea il capo dello Stato.<br \/>&#8220;Un orrore che sembrava inconcepibile tanto era lontano dai sentimenti che normalmente si attribuiscono al genere umano&#8221;, aggiunge.<br \/>&#8220;Non si deve mai dimenticare che il nostro Paese, l&#8217;Italia, adott\u00f2 durante il fascismo &#8211; in un clima di complessiva indifferenza &#8211; le ignobili leggi razziste: il capitolo iniziale del terribile libro dello sterminio; e che gli appartenenti alla Repubblica di Sal\u00f2 collaborarono attivamente alla cattura, alla deportazione e persino alle stragi degli ebrei &#8211; evidenzia Mattarella -. Un portato inestinguibile di dolore, di sangue, di morte sul quale mai dovremo far calare il velo del silenzio&#8221;. <br \/>Riguardo alla crisi in Medio Oriente, il presidente della Repubblica afferma: &#8220;Coloro che hanno sofferto il turpe tentativo di cancellare il proprio popolo dalla terra, sanno che non si pu\u00f2 negare a un altro popolo il diritto a uno Stato&#8221;. <br \/>&#8220;L&#8217;angoscia sorge anche per le numerose vittime tra la popolazione civile palestinese nella striscia di Gaza &#8211; prosegue -. Tante donne e bambini. Anzitutto per l&#8217;irrinunziabile rispetto dei diritti umani di ciascuno, ovunque. E anche perch\u00e8 una reazione con cos\u00ec drammatiche conseguenze sui civili, rischia di far sorgere nuove leve di risentimenti e di odio. Pu\u00f2 accrescere gli ostacoli per il raggiungimento di una soluzione capace di assicurare pace e prosperit\u00e0 in quella regione, cos\u00ec centrale nella storia dell&#8217;umanit\u00e0 e cos\u00ec martoriata&#8221;.<br \/>&#8220;Guardiamo a Israele come Paese a noi vicino e pienamente amico, oggi e in futuro, per condivisione di storia e di valori. Siamo e saremo sempre impegnati per la sua sicurezza. Sentiamo crescere in noi, di giorno in giorno, l&#8217;angoscia per gli ostaggi nelle mani crudeli di Hamas&#8221;, aggiunge Mattarella.<div id=\"div-gpt-ad-Messinaoggi.it-DSK-300x250-corpoart\" style=\"text-align:center;margin:0 auto;\"><\/div><\/p>\n<p>&#8211; Foto ufficio stampa Quirinale &#8211;<div id=\"videoincontent\" style=\"clear:both\";><\/div><\/p>\n<p>(ITALPRESS).<\/p><\/div>\n","protected":false},"excerpt":{"rendered":"<p>ROMA (ITALPRESS) &#8211; &#8220;La nostra Costituzione dispone con chiarezza: tutti cittadini sono portatori degli stessi diritti. La presenza ebraica \u00e8 stata fondamentale per lo sviluppo dell&#8217;Italia moderna e nella formazione della Repubblica. Le comunit\u00e0 ebraiche italiane sanno che l&#8217;Italia \u00e8 la loro casa e che la Repubblica, di cui sono parte integrante, non tollerer\u00e0, in [&hellip;]<\/p>\n","protected":false},"author":18,"featured_media":185011,"comment_status":"closed","ping_status":"closed","sticky":false,"template":"","format":"standard","meta":{"ub_ctt_via":"","_mi_skip_tracking":false},"categories":[446,6],"tags":[783],"featured_image_src":"https:\/\/www.messinaoggi.it\/website\/wp-content\/uploads\/2024\/01\/20240126_0794.jpg","author_info":{"display_name":"Admin","author_link":"https:\/\/www.messinaoggi.it\/website\/author\/admin\/"},"digistream_id":0,"digistream":false,"_links":{"self":[{"href":"https:\/\/www.messinaoggi.it\/website\/wp-json\/wp\/v2\/posts\/185010"}],"collection":[{"href":"https:\/\/www.messinaoggi.it\/website\/wp-json\/wp\/v2\/posts"}],"about":[{"href":"https:\/\/www.messinaoggi.it\/website\/wp-json\/wp\/v2\/types\/post"}],"author":[{"embeddable":true,"href":"https:\/\/www.messinaoggi.it\/website\/wp-json\/wp\/v2\/users\/18"}],"replies":[{"embeddable":true,"href":"https:\/\/www.messinaoggi.it\/website\/wp-json\/wp\/v2\/comments?post=185010"}],"version-history":[{"count":1,"href":"https:\/\/www.messinaoggi.it\/website\/wp-json\/wp\/v2\/posts\/185010\/revisions"}],"predecessor-version":[{"id":185015,"href":"https:\/\/www.messinaoggi.it\/website\/wp-json\/wp\/v2\/posts\/185010\/revisions\/185015"}],"wp:featuredmedia":[{"embeddable":true,"href":"https:\/\/www.messinaoggi.it\/website\/wp-json\/wp\/v2\/media\/185011"}],"wp:attachment":[{"href":"https:\/\/www.messinaoggi.it\/website\/wp-json\/wp\/v2\/media?parent=185010"}],"wp:term":[{"taxonomy":"category","embeddable":true,"href":"https:\/\/www.messinaoggi.it\/website\/wp-json\/wp\/v2\/categories?post=185010"},{"taxonomy":"post_tag","embeddable":true,"href":"https:\/\/www.messinaoggi.it\/website\/wp-json\/wp\/v2\/tags?post=185010"}],"curies":[{"name":"wp","href":"https:\/\/api.w.org\/{rel}","templated":true}]}}