{"id":184991,"date":"2024-01-26T12:30:24","date_gmt":"2024-01-26T11:30:24","guid":{"rendered":"http:\/\/www.messinaoggi.it\/website\/?p=184991"},"modified":"2024-01-26T12:30:25","modified_gmt":"2024-01-26T11:30:25","slug":"atm-spa-potenziate-le-linee-15-e-16","status":"publish","type":"post","link":"https:\/\/www.messinaoggi.it\/website\/2024\/01\/26\/atm-spa-potenziate-le-linee-15-e-16\/","title":{"rendered":"Atm spa: &#8220;Potenziate le linee 15 e 16&#8221;"},"content":{"rendered":"\n<p>Atm spa ha comunicato, con una nota, novit\u00e0 per quanto riguarda le linee 15 e 16, che saranno ulteriormente potenziate per migliorare la mobilit\u00e0 dei cittadini. <div id=\"div-gpt-ad-Messinaoggi.it-DSK-300x250-corpoart\" style=\"text-align:center;margin:0 auto;\"><\/div><\/p>\n\n\n\n<p>&#8220;A partire dal primo febbraio, &#8211; viene spiegato &#8211; la frequenza della linea 15, che collega Catarratti alla Stazione centrale scender\u00e0 da 80 a 60 minuti. Anche il percorso verr\u00e0 parzialmente  modificato per rendere pi\u00f9 efficiente il servizio: la linea 15 raggiunger\u00e0 la Stazione Centrale transitando dalla via Cesare Battisti senza pi\u00f9 passare dalla zona Falcata (Piazzale Todaro). All\u2019interno della linea 15 \u00e8 stata inoltre prevista una corsa aggiuntiva, che partir\u00e0 alle 13.45 dalla Stazione Centrale e raggiunger\u00e0 Catarratti  transitando dalla via La Farina (e non dalla via Cesare Battisti) e si chiamer\u00e0 linea 15\/&#8221;.<div id=\"videoincontent\" style=\"clear:both\";><\/div><\/p>\n\n\n\n<p>&#8220;Il collegamento con la zona Falcata &#8211; continua la nota &#8211; sar\u00e0  garantito dalle linee  16 Bis e 16\/, che rafforzeranno la linea 16. La linea 16 Bis collegher\u00e0 con 5 corse  quotidiane , nella fascia oraria compresa tra le ore  7:30 e le ore 12:50,  Montepiselli alla Stazione centrale,  passando dalla Zona Falcata , Viale Italia e viale Europa e toccando  numerosi punti di interesse, tra cui  l\u2019Ospedale  Piemonte e le tante attivit\u00e0 commerciali che sorgono sul viale Europa.La  linea 16\/ potenzier\u00e0  con 5 corse quotidiane, nella fascia oraria compresa tra le ore 14:45  e le ore 18:40, il collegamento con l\u2019Aulario dell\u2019Universit\u00e0 degli Studi di Messina, che si trova in via Pietro Castelli, con passaggio anche davanti al Rettorato. Il percorso della suddetta linea si snoder\u00e0 nel seguente modo: Stazione centrale, Zona Falcata (Piazzale Todaro), via Tommaso Cannizzaro, Gravitelli (Piazza d\u2019Armi ) e percorso inverso&#8221;.<\/p>\n\n\n\n<p>&#8220;Con queste modifiche \u2013 affermano dall\u2019 Azienda Trasporti di Messina \u2013 intendiamo  intensificare i collegamenti tra le aree pi\u00f9 decentrate e i punti di maggiore interesse della citt\u00e0, tenendo conto delle esigenze dei cittadini  in relazione alle fasce orarie&#8221;.<\/p>\n","protected":false},"excerpt":{"rendered":"<p>Atm spa ha comunicato, con una nota, novit\u00e0 per quanto riguarda le linee 15 e 16, che saranno ulteriormente potenziate per migliorare la mobilit\u00e0 dei cittadini. &#8220;A partire dal primo febbraio, &#8211; viene spiegato &#8211; la frequenza della linea 15, che collega Catarratti alla Stazione centrale scender\u00e0 da 80 a 60 minuti. Anche il percorso [&hellip;]<\/p>\n","protected":false},"author":15,"featured_media":116568,"comment_status":"open","ping_status":"open","sticky":false,"template":"","format":"standard","meta":{"ub_ctt_via":"","_mi_skip_tracking":false},"categories":[5],"tags":[1004,2092,1819,8101,9468,8041,8102],"featured_image_src":"https:\/\/www.messinaoggi.it\/website\/wp-content\/uploads\/2022\/08\/6FF54C13-3283-4611-B629-E9E28126FE2F.png","author_info":{"display_name":"red.me","author_link":"https:\/\/www.messinaoggi.it\/website\/author\/red-me\/"},"digistream_id":0,"digistream":false,"_links":{"self":[{"href":"https:\/\/www.messinaoggi.it\/website\/wp-json\/wp\/v2\/posts\/184991"}],"collection":[{"href":"https:\/\/www.messinaoggi.it\/website\/wp-json\/wp\/v2\/posts"}],"about":[{"href":"https:\/\/www.messinaoggi.it\/website\/wp-json\/wp\/v2\/types\/post"}],"author":[{"embeddable":true,"href":"https:\/\/www.messinaoggi.it\/website\/wp-json\/wp\/v2\/users\/15"}],"replies":[{"embeddable":true,"href":"https:\/\/www.messinaoggi.it\/website\/wp-json\/wp\/v2\/comments?post=184991"}],"version-history":[{"count":1,"href":"https:\/\/www.messinaoggi.it\/website\/wp-json\/wp\/v2\/posts\/184991\/revisions"}],"predecessor-version":[{"id":184992,"href":"https:\/\/www.messinaoggi.it\/website\/wp-json\/wp\/v2\/posts\/184991\/revisions\/184992"}],"wp:featuredmedia":[{"embeddable":true,"href":"https:\/\/www.messinaoggi.it\/website\/wp-json\/wp\/v2\/media\/116568"}],"wp:attachment":[{"href":"https:\/\/www.messinaoggi.it\/website\/wp-json\/wp\/v2\/media?parent=184991"}],"wp:term":[{"taxonomy":"category","embeddable":true,"href":"https:\/\/www.messinaoggi.it\/website\/wp-json\/wp\/v2\/categories?post=184991"},{"taxonomy":"post_tag","embeddable":true,"href":"https:\/\/www.messinaoggi.it\/website\/wp-json\/wp\/v2\/tags?post=184991"}],"curies":[{"name":"wp","href":"https:\/\/api.w.org\/{rel}","templated":true}]}}