{"id":184957,"date":"2024-01-26T09:08:01","date_gmt":"2024-01-26T08:08:01","guid":{"rendered":"https:\/\/www.messinaoggi.it\/website\/2024\/01\/26\/crosetto-pronti-per-il-comando-della-missione-nel-mar-rosso\/"},"modified":"2024-01-26T11:06:11","modified_gmt":"2024-01-26T10:06:11","slug":"crosetto-pronti-per-il-comando-della-missione-nel-mar-rosso","status":"publish","type":"post","link":"https:\/\/www.messinaoggi.it\/website\/2024\/01\/26\/crosetto-pronti-per-il-comando-della-missione-nel-mar-rosso\/","title":{"rendered":"Crosetto \u201cPronti per il comando della missione nel Mar Rosso\u201d"},"content":{"rendered":"<div>ROMA (ITALPRESS) &#8211; &#8220;Se ci chiederanno di averlo lo prenderemo, ne abbiamo le capacit\u00e0, se lo vogliono i francesi va benissimo, il problema \u00e8 avere presto una missione efficace per tutelare la sicurezza delle navi commerciali e le nostre economie, oltre al diritto internazionale&#8221;. Cos\u00ec, in un&#8217;intervista al Corriere della Sera, il ministro della Difesa Guido Crosetto, sulla ossibilit\u00e0 che l&#8217;Italia guidi la missione europea nel Mar Rosso.<br \/>\nSulla situazione a Gaza e l&#8217;atteggiamento dell&#8217;Ue, secondo Crosetto &#8220;l&#8217;Europa al momento \u00e8 fatta cos\u00ec, \u00e8 un dato di fatto: esistono 27 politiche estere diverse, ogni Paese ha una sua agenda non solo a Gaza, ma anche in Libano, in Niger, nel Nord Africa, in Kosovo. Per questo non abbiamo un ruolo rilevante nel mondo&#8221;. Quanto agli stanziamenti e se i possa applicare all&#8217;Ucraina o al Mar Rosso una mentalit\u00e0 ragionieristica, osserva: &#8220;Assolutamente no, lo dico dal giorno in cui mi sono insediato, ma non tutti lo capiscono, a cominciare dalla Ue&#8221;.<br \/>\nInfine, sulla proposta dela Lega di frenare sugli aiuti a Kiev, poi ritirata, Crosetto taglia corto: &#8220;Non vedo spaccature nella maggioranza, sono polemiche inventate. La mozione Romeo \u00e8 stata riformulata e approvata dall&#8217;intera maggioranza. Se poi mi chiede se si \u00e8 stufi della guerra le rispondo che sono stufi tutti, ma fino a quando non si stufa Putin purtroppo per tutti noi continuer\u00e0 e rischia di peggiorare&#8221;.<br \/>\n(ITALPRESS).<br \/>\n&#8211; Foto: Agenzia Fotogramma &#8211;<\/div>\n<div id=\"div-gpt-ad-Messinaoggi.it-DSK-300x250-corpoart\" style=\"text-align:center;margin:0 auto;\"><\/div><\/p><div id=\"videoincontent\" style=\"clear:both\";><\/div>","protected":false},"excerpt":{"rendered":"<p>ROMA (ITALPRESS) &#8211; &#8220;Se ci chiederanno di averlo lo prenderemo, ne abbiamo le capacit\u00e0, se lo vogliono i francesi va benissimo, il problema \u00e8 avere presto una missione efficace per tutelare la sicurezza delle navi commerciali e le nostre economie, oltre al diritto internazionale&#8221;. Cos\u00ec, in un&#8217;intervista al Corriere della Sera, il ministro della Difesa [&hellip;]<\/p>\n","protected":false},"author":18,"featured_media":184958,"comment_status":"closed","ping_status":"closed","sticky":false,"template":"","format":"standard","meta":{"ub_ctt_via":"","_mi_skip_tracking":false},"categories":[446,4],"tags":[783],"featured_image_src":"https:\/\/www.messinaoggi.it\/website\/wp-content\/uploads\/2024\/01\/20240126_0104.jpg","author_info":{"display_name":"Admin","author_link":"https:\/\/www.messinaoggi.it\/website\/author\/admin\/"},"digistream_id":0,"digistream":false,"_links":{"self":[{"href":"https:\/\/www.messinaoggi.it\/website\/wp-json\/wp\/v2\/posts\/184957"}],"collection":[{"href":"https:\/\/www.messinaoggi.it\/website\/wp-json\/wp\/v2\/posts"}],"about":[{"href":"https:\/\/www.messinaoggi.it\/website\/wp-json\/wp\/v2\/types\/post"}],"author":[{"embeddable":true,"href":"https:\/\/www.messinaoggi.it\/website\/wp-json\/wp\/v2\/users\/18"}],"replies":[{"embeddable":true,"href":"https:\/\/www.messinaoggi.it\/website\/wp-json\/wp\/v2\/comments?post=184957"}],"version-history":[{"count":1,"href":"https:\/\/www.messinaoggi.it\/website\/wp-json\/wp\/v2\/posts\/184957\/revisions"}],"predecessor-version":[{"id":184969,"href":"https:\/\/www.messinaoggi.it\/website\/wp-json\/wp\/v2\/posts\/184957\/revisions\/184969"}],"wp:featuredmedia":[{"embeddable":true,"href":"https:\/\/www.messinaoggi.it\/website\/wp-json\/wp\/v2\/media\/184958"}],"wp:attachment":[{"href":"https:\/\/www.messinaoggi.it\/website\/wp-json\/wp\/v2\/media?parent=184957"}],"wp:term":[{"taxonomy":"category","embeddable":true,"href":"https:\/\/www.messinaoggi.it\/website\/wp-json\/wp\/v2\/categories?post=184957"},{"taxonomy":"post_tag","embeddable":true,"href":"https:\/\/www.messinaoggi.it\/website\/wp-json\/wp\/v2\/tags?post=184957"}],"curies":[{"name":"wp","href":"https:\/\/api.w.org\/{rel}","templated":true}]}}