{"id":184943,"date":"2024-01-25T21:08:00","date_gmt":"2024-01-25T20:08:00","guid":{"rendered":"https:\/\/www.messinaoggi.it\/website\/2024\/01\/25\/riforme-la-russa-autonomia-e-premierato-si-tengono-insieme\/"},"modified":"2024-01-25T21:08:00","modified_gmt":"2024-01-25T20:08:00","slug":"riforme-la-russa-autonomia-e-premierato-si-tengono-insieme","status":"publish","type":"post","link":"https:\/\/www.messinaoggi.it\/website\/2024\/01\/25\/riforme-la-russa-autonomia-e-premierato-si-tengono-insieme\/","title":{"rendered":"Riforme, La Russa \u201cAutonomia e premierato si tengono insieme\u201d"},"content":{"rendered":"<div>ROMA (ITALPRESS) &#8211; &#8220;Ci sono queste due riforme che si tengono insieme e che sono quelle della maggiore autonomia per le Regioni, insieme a una maggiore presenza dello Stato con il premierato. L&#8217;autonomia differenziata va bene a patto che lo Stato centrale assicuri l&#8217;identit\u00e0 nazionale, perch\u00e8 io all&#8217;identit\u00e0 nazionale, all&#8217;unit\u00e0 nazionale ci tengo in maniera particolare. Le due cose stanno insieme&#8221;. Cos\u00ec il presidente del Senato, Ignazio La Russa, a Dritto e rovescio su Retequattro.<div id=\"div-gpt-ad-Messinaoggi.it-DSK-300x250-corpoart\" style=\"text-align:center;margin:0 auto;\"><\/div><\/p>\n<p>Foto: Agenzia Fotogramma<div id=\"videoincontent\" style=\"clear:both\";><\/div><\/p>\n<p>(ITALPRESS).<\/p><\/div>\n","protected":false},"excerpt":{"rendered":"<p>ROMA (ITALPRESS) &#8211; &#8220;Ci sono queste due riforme che si tengono insieme e che sono quelle della maggiore autonomia per le Regioni, insieme a una maggiore presenza dello Stato con il premierato. L&#8217;autonomia differenziata va bene a patto che lo Stato centrale assicuri l&#8217;identit\u00e0 nazionale, perch\u00e8 io all&#8217;identit\u00e0 nazionale, all&#8217;unit\u00e0 nazionale ci tengo in maniera [&hellip;]<\/p>\n","protected":false},"author":18,"featured_media":184944,"comment_status":"closed","ping_status":"closed","sticky":false,"template":"","format":"standard","meta":{"ub_ctt_via":"","_mi_skip_tracking":false},"categories":[446],"tags":[783],"featured_image_src":"https:\/\/www.messinaoggi.it\/website\/wp-content\/uploads\/2024\/01\/20240125_3023.jpg","author_info":{"display_name":"Admin","author_link":"https:\/\/www.messinaoggi.it\/website\/author\/admin\/"},"digistream_id":0,"digistream":false,"_links":{"self":[{"href":"https:\/\/www.messinaoggi.it\/website\/wp-json\/wp\/v2\/posts\/184943"}],"collection":[{"href":"https:\/\/www.messinaoggi.it\/website\/wp-json\/wp\/v2\/posts"}],"about":[{"href":"https:\/\/www.messinaoggi.it\/website\/wp-json\/wp\/v2\/types\/post"}],"author":[{"embeddable":true,"href":"https:\/\/www.messinaoggi.it\/website\/wp-json\/wp\/v2\/users\/18"}],"replies":[{"embeddable":true,"href":"https:\/\/www.messinaoggi.it\/website\/wp-json\/wp\/v2\/comments?post=184943"}],"version-history":[{"count":0,"href":"https:\/\/www.messinaoggi.it\/website\/wp-json\/wp\/v2\/posts\/184943\/revisions"}],"wp:featuredmedia":[{"embeddable":true,"href":"https:\/\/www.messinaoggi.it\/website\/wp-json\/wp\/v2\/media\/184944"}],"wp:attachment":[{"href":"https:\/\/www.messinaoggi.it\/website\/wp-json\/wp\/v2\/media?parent=184943"}],"wp:term":[{"taxonomy":"category","embeddable":true,"href":"https:\/\/www.messinaoggi.it\/website\/wp-json\/wp\/v2\/categories?post=184943"},{"taxonomy":"post_tag","embeddable":true,"href":"https:\/\/www.messinaoggi.it\/website\/wp-json\/wp\/v2\/tags?post=184943"}],"curies":[{"name":"wp","href":"https:\/\/api.w.org\/{rel}","templated":true}]}}