{"id":184911,"date":"2024-01-25T18:08:02","date_gmt":"2024-01-25T17:08:02","guid":{"rendered":"https:\/\/www.messinaoggi.it\/website\/2024\/01\/25\/shoah-piantedosi-cortei-pro-palestina-si-chiedera-rinvio\/"},"modified":"2024-01-25T18:08:02","modified_gmt":"2024-01-25T17:08:02","slug":"shoah-piantedosi-cortei-pro-palestina-si-chiedera-rinvio","status":"publish","type":"post","link":"https:\/\/www.messinaoggi.it\/website\/2024\/01\/25\/shoah-piantedosi-cortei-pro-palestina-si-chiedera-rinvio\/","title":{"rendered":"Shoah, Piantedosi \u201cCortei pro Palestina? Si chieder\u00e0 rinvio\u201d"},"content":{"rendered":"<div>ROMA (ITALPRESS) &#8211; &#8220;Abbiamo sempre detto che la libert\u00e0 di manifestazione del pensiero e lo svolgimento di manifestazioni pubbliche hanno una sacralit\u00e0 intrinseca che pu\u00f2 essere compressa o limitata solo se ci sono motivi seri di ordine pubblico. Non vi \u00e8 dubbio che svolgere manifestazioni che in questo caso potrebbero essere lesive di una commemorazione come il giorno della Memoria della Shoah, richiede delle valutazioni che sono in corso&#8221;. Lo dice nel corso della conferenza stampa dopo il Cdm il ministro dell&#8217;Interno Matteo Piantedosi, rispondendo a una domanda sulle manifestazioni pro Palestina annunciate per domani, nel giorno della Memoria.<br \/>&#8220;Le autorit\u00e0 di pubblica sicurezza stanno incontrando gli organizzatori di queste manifestazioni per sollecitarne anche una autonoma possibilit\u00e0 di spostarle ad altri giorni &#8211; ha aggiunto -. In fondo, differirle in altri in altri giorni non significa negare la libert\u00e0 di manifestare ma fare qualcosa che le rende compatibili con i valori connessi alla ricorrenza di domani. Ove questo non dovesse succedere per autonoma volont\u00e0 degli organizzatori faremo le nostre valutazioni a seconda degli scenari che si presentano e adotteremo i provvedimenti di conseguenza&#8221;.<div id=\"div-gpt-ad-Messinaoggi.it-DSK-300x250-corpoart\" style=\"text-align:center;margin:0 auto;\"><\/div><\/p>\n<p>&#8211; Foto: Agenzia Fotogramma &#8211;<div id=\"videoincontent\" style=\"clear:both\";><\/div><\/p>\n<p>(ITALPRESS).<\/p><\/div>\n","protected":false},"excerpt":{"rendered":"<p>ROMA (ITALPRESS) &#8211; &#8220;Abbiamo sempre detto che la libert\u00e0 di manifestazione del pensiero e lo svolgimento di manifestazioni pubbliche hanno una sacralit\u00e0 intrinseca che pu\u00f2 essere compressa o limitata solo se ci sono motivi seri di ordine pubblico. Non vi \u00e8 dubbio che svolgere manifestazioni che in questo caso potrebbero essere lesive di una commemorazione [&hellip;]<\/p>\n","protected":false},"author":18,"featured_media":184912,"comment_status":"closed","ping_status":"closed","sticky":false,"template":"","format":"standard","meta":{"ub_ctt_via":"","_mi_skip_tracking":false},"categories":[446],"tags":[783],"featured_image_src":"https:\/\/www.messinaoggi.it\/website\/wp-content\/uploads\/2024\/01\/20240125_2538.jpg","author_info":{"display_name":"Admin","author_link":"https:\/\/www.messinaoggi.it\/website\/author\/admin\/"},"digistream_id":0,"digistream":false,"_links":{"self":[{"href":"https:\/\/www.messinaoggi.it\/website\/wp-json\/wp\/v2\/posts\/184911"}],"collection":[{"href":"https:\/\/www.messinaoggi.it\/website\/wp-json\/wp\/v2\/posts"}],"about":[{"href":"https:\/\/www.messinaoggi.it\/website\/wp-json\/wp\/v2\/types\/post"}],"author":[{"embeddable":true,"href":"https:\/\/www.messinaoggi.it\/website\/wp-json\/wp\/v2\/users\/18"}],"replies":[{"embeddable":true,"href":"https:\/\/www.messinaoggi.it\/website\/wp-json\/wp\/v2\/comments?post=184911"}],"version-history":[{"count":0,"href":"https:\/\/www.messinaoggi.it\/website\/wp-json\/wp\/v2\/posts\/184911\/revisions"}],"wp:featuredmedia":[{"embeddable":true,"href":"https:\/\/www.messinaoggi.it\/website\/wp-json\/wp\/v2\/media\/184912"}],"wp:attachment":[{"href":"https:\/\/www.messinaoggi.it\/website\/wp-json\/wp\/v2\/media?parent=184911"}],"wp:term":[{"taxonomy":"category","embeddable":true,"href":"https:\/\/www.messinaoggi.it\/website\/wp-json\/wp\/v2\/categories?post=184911"},{"taxonomy":"post_tag","embeddable":true,"href":"https:\/\/www.messinaoggi.it\/website\/wp-json\/wp\/v2\/tags?post=184911"}],"curies":[{"name":"wp","href":"https:\/\/api.w.org\/{rel}","templated":true}]}}