{"id":184872,"date":"2024-01-25T15:08:01","date_gmt":"2024-01-25T14:08:01","guid":{"rendered":"https:\/\/www.messinaoggi.it\/website\/2024\/01\/25\/ferrari-prolunga-con-leclerc-il-meglio-deve-ancora-venire\/"},"modified":"2024-01-25T15:08:01","modified_gmt":"2024-01-25T14:08:01","slug":"ferrari-prolunga-con-leclerc-il-meglio-deve-ancora-venire","status":"publish","type":"post","link":"https:\/\/www.messinaoggi.it\/website\/2024\/01\/25\/ferrari-prolunga-con-leclerc-il-meglio-deve-ancora-venire\/","title":{"rendered":"Ferrari prolunga con Leclerc \u201cIl meglio deve ancora venire\u201d"},"content":{"rendered":"<div>MARANELLO (ITALPRESS) &#8211; La Ferrari ha annunciato di aver<br \/>prolungato la collaborazione con Charles Leclerc che continuer\u00e0 a<br \/>gareggiare per la squadra italiana anche nelle prossime stagioni<br \/>del campionato del mondo di Formula 1. &#8220;Sono molto contento di continuare a vestire la tuta della Scuderia Ferrari anche nelle prossime stagioni. Gareggiare per questa squadra \u00e8 il mio sogno fin da quando avevo tre anni: vedevo il Gran Premio di Monaco dalla finestra di casa di amici e alla curva di Ste. Devote cercavo con gli occhi la vettura rossa&#8221; le parole del pilota monegasco. &#8220;Questo team \u00e8 la mia seconda famiglia, fin da quando sono entrato a far parte della Ferrari Driver Academy nel 2016 e insieme abbiamo lottato compatti nelle avversit\u00e0 e scritto pagine indimenticabili negli scorsi cinque anni. Credo per\u00f2 che il meglio debba ancora venire e non vedo l&#8217;ora di iniziare questa stagione per cercare di far progredire ancora la squadra e metterci in condizione di essere competitivi ad ogni gara. Il mio sogno resta vincere il titolo con la Ferrari e sono sicuro che negli anni che ci attendono insieme sapremo toglierci delle belle soddisfazioni e dare ai tifosi qualcosa per cui gioire&#8221;.<br \/>Leclerc \u00e8 cresciuto all&#8217;interno della Casa di Maranello fin da<br \/>prima del suo approdo in Formula 1, essendo entrato a far parte<br \/>della Ferrari Driver Academy nel 2016. Dopo aver dominato il<br \/>campionato di Formula 2 nel 2017, il monegasco ha vissuto<br \/>un&#8217;annata di apprendistato nei Gran Premi alla Sauber ed \u00e8<br \/>approdato alla scuderia nel 2019. In quella stagione ha ottenuto<br \/>le sue prime affermazioni, diventando il pilota pi\u00f9 giovane della<br \/>storia del team a conquistare una vittoria quando si \u00e8 imposto<br \/>sull&#8217;iconica pista di Spa-Francorchamps; successo bissato una<br \/>settimana pi\u00f9 tardi a Monza davanti ai tifosi in estasi. Nel 2022 ha trionfato in ulteriori tre Gran Premi, centrando il<br \/>secondo posto nella classifica Piloti. Noto per le straordinarie<br \/>capacit\u00e0 di guida sul giro secco, a soli 26 anni Charles \u00e8 gi\u00e0 il<br \/>secondo pilota nella storia con pi\u00f9 pole position al volante di<br \/>una Ferrari, avendo eguagliato Niki Lauda a quota 23, dietro<br \/>soltanto al leggendario Michael Schumacher con le sue 58. Al suo<br \/>attivo con la Ferrari, in 103 gare disputate, anche 30 podi,<br \/>sette giri pi\u00f9 veloci e 1035 punti. &#8220;Il legame di Charles con la Scuderia va oltre quello di un pilota con il suo team: Leclerc \u00e8 parte della famiglia Ferrari da ormai otto anni, da prima che indossasse la tuta con il Cavallino Rampante&#8221; le parole del team principal Fred Vasseur. &#8220;Il DNA della nostra azienda cos\u00ec come i suoi valori sono parte di lui ed \u00e8 stato dunque naturale trovarsi d&#8217;accordo sul rinnovo della nostra collaborazione. Di lui conosciamo la voglia incessante di superare i propri limiti e ne apprezziamo le grandi capacit\u00e0 di duellare e compiere sorpassi in gara. Siamo determinati a dare a Charles una vettura vincente e so che la sua decisione e il suo impegno saranno elementi che potranno fare la differenza per i traguardi che vogliamo raggiungere&#8221;.<br \/>&#8211; foto Image &#8211; <br \/>(ITALPRESS).<\/div>\n<div id=\"div-gpt-ad-Messinaoggi.it-DSK-300x250-corpoart\" style=\"text-align:center;margin:0 auto;\"><\/div><\/p><div id=\"videoincontent\" style=\"clear:both\";><\/div>","protected":false},"excerpt":{"rendered":"<p>MARANELLO (ITALPRESS) &#8211; La Ferrari ha annunciato di averprolungato la collaborazione con Charles Leclerc che continuer\u00e0 agareggiare per la squadra italiana anche nelle prossime stagionidel campionato del mondo di Formula 1. &#8220;Sono molto contento di continuare a vestire la tuta della Scuderia Ferrari anche nelle prossime stagioni. Gareggiare per questa squadra \u00e8 il mio sogno [&hellip;]<\/p>\n","protected":false},"author":18,"featured_media":184873,"comment_status":"closed","ping_status":"closed","sticky":false,"template":"","format":"standard","meta":{"ub_ctt_via":"","_mi_skip_tracking":false},"categories":[446],"tags":[783],"featured_image_src":"https:\/\/www.messinaoggi.it\/website\/wp-content\/uploads\/2024\/01\/20240125_1231.jpg","author_info":{"display_name":"Admin","author_link":"https:\/\/www.messinaoggi.it\/website\/author\/admin\/"},"digistream_id":0,"digistream":false,"_links":{"self":[{"href":"https:\/\/www.messinaoggi.it\/website\/wp-json\/wp\/v2\/posts\/184872"}],"collection":[{"href":"https:\/\/www.messinaoggi.it\/website\/wp-json\/wp\/v2\/posts"}],"about":[{"href":"https:\/\/www.messinaoggi.it\/website\/wp-json\/wp\/v2\/types\/post"}],"author":[{"embeddable":true,"href":"https:\/\/www.messinaoggi.it\/website\/wp-json\/wp\/v2\/users\/18"}],"replies":[{"embeddable":true,"href":"https:\/\/www.messinaoggi.it\/website\/wp-json\/wp\/v2\/comments?post=184872"}],"version-history":[{"count":0,"href":"https:\/\/www.messinaoggi.it\/website\/wp-json\/wp\/v2\/posts\/184872\/revisions"}],"wp:featuredmedia":[{"embeddable":true,"href":"https:\/\/www.messinaoggi.it\/website\/wp-json\/wp\/v2\/media\/184873"}],"wp:attachment":[{"href":"https:\/\/www.messinaoggi.it\/website\/wp-json\/wp\/v2\/media?parent=184872"}],"wp:term":[{"taxonomy":"category","embeddable":true,"href":"https:\/\/www.messinaoggi.it\/website\/wp-json\/wp\/v2\/categories?post=184872"},{"taxonomy":"post_tag","embeddable":true,"href":"https:\/\/www.messinaoggi.it\/website\/wp-json\/wp\/v2\/tags?post=184872"}],"curies":[{"name":"wp","href":"https:\/\/api.w.org\/{rel}","templated":true}]}}