{"id":184858,"date":"2024-01-25T13:08:02","date_gmt":"2024-01-25T12:08:02","guid":{"rendered":"https:\/\/www.messinaoggi.it\/website\/2024\/01\/25\/giustizia-nordio-la-riforma-consentira-di-recuperare-il-2-del-pil\/"},"modified":"2024-01-25T13:08:02","modified_gmt":"2024-01-25T12:08:02","slug":"giustizia-nordio-la-riforma-consentira-di-recuperare-il-2-del-pil","status":"publish","type":"post","link":"https:\/\/www.messinaoggi.it\/website\/2024\/01\/25\/giustizia-nordio-la-riforma-consentira-di-recuperare-il-2-del-pil\/","title":{"rendered":"Giustizia, Nordio \u201cLa riforma consentir\u00e0 di recuperare il 2% del Pil\u201d"},"content":{"rendered":"<div>ROMA (ITALPRESS) &#8211; &#8220;L&#8217;arretrato rallenta le procedure, disorienta i cittadini e allontana gli investimenti. La riforma che contiamo di attuare ci consentir\u00e0 di recuperare buona parte di quel 2% di Pil la cui perdita \u00e8 intollerabilmente gravosa per la nostra economia&#8221;. Cos\u00ec il ministro della Giustizia, Carlo Nordio, in occasione dell&#8217;Inaugurazione dell&#8217;anno giudiziario 2024 della Corte di Cassazione.<br \/>&#8220;Siamo chiamati a consolidare una inversione di tendenza grazie alla puntuale attuazione del Pnrr &#8211; ha sottolineato Nordio -, una opportunit\u00e0 unica che il nostro Paese ha colto puntualmente, non solo per onorare gli accordi con l&#8217;Europa, ma per assolvere alle nostre responsabilit\u00e0 verso i cittadini proseguendo in quel profondo processo riformatore. Ora gli effetti cominciano a manifestarsi&#8221;.<br \/>&#8220;L&#8217;elemento che ci induce ad essere fiduciosi \u00e8 l&#8217;immissione di risorse massicce, nel 2023 sono entrati in servizio oltre 4 mila unit\u00e0 di personale amministrativo, si tratta di una preziosa energia vitale che stiamo cercando di valorizzare&#8221;, ha aggiunto.<br \/>L&#8217;anno giudiziario che si appresta a iniziare \u00e8 quello &#8220;delle conferme dei buoni risultati che cominciamo a registrare, degli sforzi che non smettiamo di assicurare e delle opportunit\u00e0 che abbiamo di entrare nella fase in cui la giustizia diventi forza motrice della crescita del Paese&#8221;, ha evidenziato il ministro.<div id=\"div-gpt-ad-Messinaoggi.it-DSK-300x250-corpoart\" style=\"text-align:center;margin:0 auto;\"><\/div><\/p>\n<p>&#8211; Foto: Agenzia Fotogramma &#8211;<div id=\"videoincontent\" style=\"clear:both\";><\/div><\/p>\n<p>(ITALPRESS).<\/p><\/div>\n","protected":false},"excerpt":{"rendered":"<p>ROMA (ITALPRESS) &#8211; &#8220;L&#8217;arretrato rallenta le procedure, disorienta i cittadini e allontana gli investimenti. La riforma che contiamo di attuare ci consentir\u00e0 di recuperare buona parte di quel 2% di Pil la cui perdita \u00e8 intollerabilmente gravosa per la nostra economia&#8221;. Cos\u00ec il ministro della Giustizia, Carlo Nordio, in occasione dell&#8217;Inaugurazione dell&#8217;anno giudiziario 2024 della [&hellip;]<\/p>\n","protected":false},"author":18,"featured_media":184859,"comment_status":"closed","ping_status":"closed","sticky":false,"template":"","format":"standard","meta":{"ub_ctt_via":"","_mi_skip_tracking":false},"categories":[446],"tags":[783],"featured_image_src":"https:\/\/www.messinaoggi.it\/website\/wp-content\/uploads\/2024\/01\/20240125_0719.jpg","author_info":{"display_name":"Admin","author_link":"https:\/\/www.messinaoggi.it\/website\/author\/admin\/"},"digistream_id":0,"digistream":false,"_links":{"self":[{"href":"https:\/\/www.messinaoggi.it\/website\/wp-json\/wp\/v2\/posts\/184858"}],"collection":[{"href":"https:\/\/www.messinaoggi.it\/website\/wp-json\/wp\/v2\/posts"}],"about":[{"href":"https:\/\/www.messinaoggi.it\/website\/wp-json\/wp\/v2\/types\/post"}],"author":[{"embeddable":true,"href":"https:\/\/www.messinaoggi.it\/website\/wp-json\/wp\/v2\/users\/18"}],"replies":[{"embeddable":true,"href":"https:\/\/www.messinaoggi.it\/website\/wp-json\/wp\/v2\/comments?post=184858"}],"version-history":[{"count":0,"href":"https:\/\/www.messinaoggi.it\/website\/wp-json\/wp\/v2\/posts\/184858\/revisions"}],"wp:featuredmedia":[{"embeddable":true,"href":"https:\/\/www.messinaoggi.it\/website\/wp-json\/wp\/v2\/media\/184859"}],"wp:attachment":[{"href":"https:\/\/www.messinaoggi.it\/website\/wp-json\/wp\/v2\/media?parent=184858"}],"wp:term":[{"taxonomy":"category","embeddable":true,"href":"https:\/\/www.messinaoggi.it\/website\/wp-json\/wp\/v2\/categories?post=184858"},{"taxonomy":"post_tag","embeddable":true,"href":"https:\/\/www.messinaoggi.it\/website\/wp-json\/wp\/v2\/tags?post=184858"}],"curies":[{"name":"wp","href":"https:\/\/api.w.org\/{rel}","templated":true}]}}