{"id":184842,"date":"2024-01-25T11:08:03","date_gmt":"2024-01-25T10:08:03","guid":{"rendered":"https:\/\/www.messinaoggi.it\/website\/2024\/01\/25\/pubblica-amministrazione-zangrillo-assegnare-obiettivi-entro-febbraio\/"},"modified":"2024-01-25T11:08:03","modified_gmt":"2024-01-25T10:08:03","slug":"pubblica-amministrazione-zangrillo-assegnare-obiettivi-entro-febbraio","status":"publish","type":"post","link":"https:\/\/www.messinaoggi.it\/website\/2024\/01\/25\/pubblica-amministrazione-zangrillo-assegnare-obiettivi-entro-febbraio\/","title":{"rendered":"Pubblica Amministrazione, Zangrillo \u201cAssegnare obiettivi entro febbraio\u201d"},"content":{"rendered":"<div>ROMA (ITALPRESS) &#8211; Assegnare gli obiettivi al personale &#8220;non oltre il mese di febbraio&#8221;, in modo che &#8220;la valutazione della performance individuale&#8221; diventi &#8220;una attivit\u00e0 concreta e non un mero esercizio burocratico&#8221;. Sono le prime indicazioni operative del ministro per la Pubblica amministrazione, Paolo Zangrillo, per l&#8217;attuazione concreta della sua direttiva in materia.<br \/>In una lettera inviata a tutte le amministrazioni, il ministro Zangrillo sottolinea come &#8220;la realizzazione degli obiettivi, e quindi la corresponsione degli istituti retributivi a questi collegata, debba essere effettiva&#8221;. Perch\u00e8 ci\u00f2 si realizzi, tali obiettivi &#8211; che devono impegnare i dirigenti a promuovere una adeguata formazione per se stessi e il personale assegnato &#8211; devono essere &#8220;chiari, concreti, misurabili e assegnati tempestivamente&#8221;, &#8220;finalizzati all&#8217;incremento dell&#8217;efficienza e dell&#8217;efficacia del lavoro pubblico&#8221;, nonch\u00e8 &#8220;aderenti alla specificit\u00e0 dei destinatari e alle modalit\u00e0 di svolgimento della prestazione lavorativa&#8221;.<br \/>&#8220;La tempestivit\u00e0 nella loro assegnazione &#8211; evidenzia ancora il ministro Zangrillo &#8211; \u00e8 il presupposto necessario affinch\u00e8 il personale abbia modo e tempo di predisporre gli strumenti organizzativi che ritiene necessari per il loro conseguimento&#8221;.<br \/>Emanata lo scorso novembre, la direttiva in materia di misurazione e valutazione della performance dei dipendenti pubblici ha l&#8217;obiettivo di attuare una strategia di piena valorizzazione del merito, nel solco dei modelli adottati nello scenario europeo e OCSE. Una &#8220;bussola&#8221; dei dirigenti verso la valorizzazione delle persone delle pubbliche amministrazioni nel loro contesto organizzativo che non pu\u00f2 prescindere dall&#8217;assegnazione degli obiettivi, che Zangrillo considera &#8220;un adempimento preliminare per l&#8217;attuazione della stessa direttiva&#8221;.<div id=\"div-gpt-ad-Messinaoggi.it-DSK-300x250-corpoart\" style=\"text-align:center;margin:0 auto;\"><\/div><\/p>\n<p>&#8211; Foto: Agenzia Fotogramma &#8211;<div id=\"videoincontent\" style=\"clear:both\";><\/div><\/p>\n<p>(ITALPRESS).<\/p><\/div>\n","protected":false},"excerpt":{"rendered":"<p>ROMA (ITALPRESS) &#8211; Assegnare gli obiettivi al personale &#8220;non oltre il mese di febbraio&#8221;, in modo che &#8220;la valutazione della performance individuale&#8221; diventi &#8220;una attivit\u00e0 concreta e non un mero esercizio burocratico&#8221;. Sono le prime indicazioni operative del ministro per la Pubblica amministrazione, Paolo Zangrillo, per l&#8217;attuazione concreta della sua direttiva in materia.In una lettera [&hellip;]<\/p>\n","protected":false},"author":18,"featured_media":184843,"comment_status":"closed","ping_status":"closed","sticky":false,"template":"","format":"standard","meta":{"ub_ctt_via":"","_mi_skip_tracking":false},"categories":[446],"tags":[783],"featured_image_src":"https:\/\/www.messinaoggi.it\/website\/wp-content\/uploads\/2024\/01\/20240125_0248.jpg","author_info":{"display_name":"Admin","author_link":"https:\/\/www.messinaoggi.it\/website\/author\/admin\/"},"digistream_id":0,"digistream":false,"_links":{"self":[{"href":"https:\/\/www.messinaoggi.it\/website\/wp-json\/wp\/v2\/posts\/184842"}],"collection":[{"href":"https:\/\/www.messinaoggi.it\/website\/wp-json\/wp\/v2\/posts"}],"about":[{"href":"https:\/\/www.messinaoggi.it\/website\/wp-json\/wp\/v2\/types\/post"}],"author":[{"embeddable":true,"href":"https:\/\/www.messinaoggi.it\/website\/wp-json\/wp\/v2\/users\/18"}],"replies":[{"embeddable":true,"href":"https:\/\/www.messinaoggi.it\/website\/wp-json\/wp\/v2\/comments?post=184842"}],"version-history":[{"count":0,"href":"https:\/\/www.messinaoggi.it\/website\/wp-json\/wp\/v2\/posts\/184842\/revisions"}],"wp:featuredmedia":[{"embeddable":true,"href":"https:\/\/www.messinaoggi.it\/website\/wp-json\/wp\/v2\/media\/184843"}],"wp:attachment":[{"href":"https:\/\/www.messinaoggi.it\/website\/wp-json\/wp\/v2\/media?parent=184842"}],"wp:term":[{"taxonomy":"category","embeddable":true,"href":"https:\/\/www.messinaoggi.it\/website\/wp-json\/wp\/v2\/categories?post=184842"},{"taxonomy":"post_tag","embeddable":true,"href":"https:\/\/www.messinaoggi.it\/website\/wp-json\/wp\/v2\/tags?post=184842"}],"curies":[{"name":"wp","href":"https:\/\/api.w.org\/{rel}","templated":true}]}}