{"id":184833,"date":"2024-01-25T09:07:59","date_gmt":"2024-01-25T08:07:59","guid":{"rendered":"https:\/\/www.messinaoggi.it\/website\/2024\/01\/25\/autonomia-calderoli-tutte-le-regioni-partono-sulla-stessa-linea\/"},"modified":"2024-01-25T09:07:59","modified_gmt":"2024-01-25T08:07:59","slug":"autonomia-calderoli-tutte-le-regioni-partono-sulla-stessa-linea","status":"publish","type":"post","link":"https:\/\/www.messinaoggi.it\/website\/2024\/01\/25\/autonomia-calderoli-tutte-le-regioni-partono-sulla-stessa-linea\/","title":{"rendered":"Autonomia, Calderoli \u201cTutte le regioni partono sulla stessa linea\u201d"},"content":{"rendered":"<div>ROMA (ITALPRESS) &#8211; &#8220;Non credo di esagerare: con questa legge supereremo la questione meridionale e la questione settentrionale che ci portiamo dietro dal 1861&#8221;. Lo dice, in una intervista al Corriere della Sera, il ministro Roberto Calderoli commentando l&#8217;approvazione al Senato della legge per le autonomie delle Regioni. &#8220;Il punto per me &#8211; aggiunge &#8211; \u00e8 sempre stato mettere sulla stessa linea di partenza tutte le regioni. Per 22 anni, dalla riforma del Titolo V, \u00e8 stato impossibile perch\u00e8 c&#8217;era il totem dei Livelli essenziali di assistenza. Ora, lo abbiamo risolto, i Lep ci sono. Anche se qualcuno fa finta di non capirlo: sono soltanto l&#8217;elenco dei diritti civili e sociali di cui ha diritto un cittadino. Beninteso: in tutto il territorio nazionale&#8221;.&#8221;Se ci sono degli errori siamo pronti a correggerli. Ma il Senato ha lavorato per otto mesi in modo serrato, ha davvero approfondito il testo che ora credo sia davvero ponderato&#8221;, aggiunge.<br \/>-foto Agenzia Fotogramma &#8211;<br \/>(ITALPRESS).<\/div>\n<div id=\"div-gpt-ad-Messinaoggi.it-DSK-300x250-corpoart\" style=\"text-align:center;margin:0 auto;\"><\/div><\/p><div id=\"videoincontent\" style=\"clear:both\";><\/div>","protected":false},"excerpt":{"rendered":"<p>ROMA (ITALPRESS) &#8211; &#8220;Non credo di esagerare: con questa legge supereremo la questione meridionale e la questione settentrionale che ci portiamo dietro dal 1861&#8221;. Lo dice, in una intervista al Corriere della Sera, il ministro Roberto Calderoli commentando l&#8217;approvazione al Senato della legge per le autonomie delle Regioni. &#8220;Il punto per me &#8211; aggiunge &#8211; [&hellip;]<\/p>\n","protected":false},"author":18,"featured_media":184834,"comment_status":"closed","ping_status":"closed","sticky":false,"template":"","format":"standard","meta":{"ub_ctt_via":"","_mi_skip_tracking":false},"categories":[446],"tags":[783],"featured_image_src":"https:\/\/www.messinaoggi.it\/website\/wp-content\/uploads\/2024\/01\/20240125_0075.jpg","author_info":{"display_name":"Admin","author_link":"https:\/\/www.messinaoggi.it\/website\/author\/admin\/"},"digistream_id":0,"digistream":false,"_links":{"self":[{"href":"https:\/\/www.messinaoggi.it\/website\/wp-json\/wp\/v2\/posts\/184833"}],"collection":[{"href":"https:\/\/www.messinaoggi.it\/website\/wp-json\/wp\/v2\/posts"}],"about":[{"href":"https:\/\/www.messinaoggi.it\/website\/wp-json\/wp\/v2\/types\/post"}],"author":[{"embeddable":true,"href":"https:\/\/www.messinaoggi.it\/website\/wp-json\/wp\/v2\/users\/18"}],"replies":[{"embeddable":true,"href":"https:\/\/www.messinaoggi.it\/website\/wp-json\/wp\/v2\/comments?post=184833"}],"version-history":[{"count":0,"href":"https:\/\/www.messinaoggi.it\/website\/wp-json\/wp\/v2\/posts\/184833\/revisions"}],"wp:featuredmedia":[{"embeddable":true,"href":"https:\/\/www.messinaoggi.it\/website\/wp-json\/wp\/v2\/media\/184834"}],"wp:attachment":[{"href":"https:\/\/www.messinaoggi.it\/website\/wp-json\/wp\/v2\/media?parent=184833"}],"wp:term":[{"taxonomy":"category","embeddable":true,"href":"https:\/\/www.messinaoggi.it\/website\/wp-json\/wp\/v2\/categories?post=184833"},{"taxonomy":"post_tag","embeddable":true,"href":"https:\/\/www.messinaoggi.it\/website\/wp-json\/wp\/v2\/tags?post=184833"}],"curies":[{"name":"wp","href":"https:\/\/api.w.org\/{rel}","templated":true}]}}