{"id":184726,"date":"2024-01-24T11:34:37","date_gmt":"2024-01-24T10:34:37","guid":{"rendered":"http:\/\/www.messinaoggi.it\/website\/?p=184726"},"modified":"2024-01-24T11:34:38","modified_gmt":"2024-01-24T10:34:38","slug":"minardo-lega-bene-emendamento-dl-energia","status":"publish","type":"post","link":"https:\/\/www.messinaoggi.it\/website\/2024\/01\/24\/minardo-lega-bene-emendamento-dl-energia\/","title":{"rendered":"Minardo (Lega): &#8220;Bene emendamento dl Energia&#8221;"},"content":{"rendered":"\n<p>\u201cL\u2019emendamento al dl Energia che consentir\u00e0 al Governo nazionale di nominare il Presidente della Regione commissario per la costruzione dei termovalorizzatori in Sicilia \u00e8 stato approvato dalle Commissioni Attivit\u00e0 produttive e Ambiente di Montecitorio alle prime luci dell\u2019alba. Con la nomina di un Commissario con poteri veri siamo al punto di svolta nella gestione dei rifiuti in Sicilia\u201d lo afferma Nino Minardo, deputato della Lega e Presidente della Commissione Difesa della Camera dei Deputati.<div id=\"div-gpt-ad-Messinaoggi.it-DSK-300x250-corpoart\" style=\"text-align:center;margin:0 auto;\"><\/div><\/p>\n\n\n\n<p>\u201cRingrazio i colleghi deputati Andrea Barabotti e Francesco Battistoni &#8211; continua Minardo &#8211; per aver portato avanti nelle commissioni riunite Attivit\u00e0 produttive e Ambiente questo emendamento che non solo consentir\u00e0 al Presidente della Regione Siciliana di diventare commissario ma gli conferir\u00e0 anche poteri reali che determineranno tempi rapidi per la costruzione di questi impianti che sono fondamentali per cambiare finalmente la gestione dei rifiuti in Sicilia\u201dconclude.<div id=\"videoincontent\" style=\"clear:both\";><\/div><\/p>\n","protected":false},"excerpt":{"rendered":"<p>\u201cL\u2019emendamento al dl Energia che consentir\u00e0 al Governo nazionale di nominare il Presidente della Regione commissario per la costruzione dei termovalorizzatori in Sicilia \u00e8 stato approvato dalle Commissioni Attivit\u00e0 produttive e Ambiente di Montecitorio alle prime luci dell\u2019alba. Con la nomina di un Commissario con poteri veri siamo al punto di svolta nella gestione dei [&hellip;]<\/p>\n","protected":false},"author":2,"featured_media":182802,"comment_status":"open","ping_status":"open","sticky":false,"template":"","format":"standard","meta":{"ub_ctt_via":"","_mi_skip_tracking":false},"categories":[11],"tags":[9458,1007,757,1232],"featured_image_src":"https:\/\/www.messinaoggi.it\/website\/wp-content\/uploads\/2024\/01\/minardo-ufficiostampa.jpg","author_info":{"display_name":"Redazione","author_link":"https:\/\/www.messinaoggi.it\/website\/author\/redazione\/"},"digistream_id":0,"digistream":false,"_links":{"self":[{"href":"https:\/\/www.messinaoggi.it\/website\/wp-json\/wp\/v2\/posts\/184726"}],"collection":[{"href":"https:\/\/www.messinaoggi.it\/website\/wp-json\/wp\/v2\/posts"}],"about":[{"href":"https:\/\/www.messinaoggi.it\/website\/wp-json\/wp\/v2\/types\/post"}],"author":[{"embeddable":true,"href":"https:\/\/www.messinaoggi.it\/website\/wp-json\/wp\/v2\/users\/2"}],"replies":[{"embeddable":true,"href":"https:\/\/www.messinaoggi.it\/website\/wp-json\/wp\/v2\/comments?post=184726"}],"version-history":[{"count":1,"href":"https:\/\/www.messinaoggi.it\/website\/wp-json\/wp\/v2\/posts\/184726\/revisions"}],"predecessor-version":[{"id":184727,"href":"https:\/\/www.messinaoggi.it\/website\/wp-json\/wp\/v2\/posts\/184726\/revisions\/184727"}],"wp:featuredmedia":[{"embeddable":true,"href":"https:\/\/www.messinaoggi.it\/website\/wp-json\/wp\/v2\/media\/182802"}],"wp:attachment":[{"href":"https:\/\/www.messinaoggi.it\/website\/wp-json\/wp\/v2\/media?parent=184726"}],"wp:term":[{"taxonomy":"category","embeddable":true,"href":"https:\/\/www.messinaoggi.it\/website\/wp-json\/wp\/v2\/categories?post=184726"},{"taxonomy":"post_tag","embeddable":true,"href":"https:\/\/www.messinaoggi.it\/website\/wp-json\/wp\/v2\/tags?post=184726"}],"curies":[{"name":"wp","href":"https:\/\/api.w.org\/{rel}","templated":true}]}}