{"id":184723,"date":"2024-01-24T11:33:04","date_gmt":"2024-01-24T10:33:04","guid":{"rendered":"http:\/\/www.messinaoggi.it\/website\/?p=184723"},"modified":"2024-01-24T11:33:06","modified_gmt":"2024-01-24T10:33:06","slug":"casa-sindacale-per-gli-artisti-iniziativa-della-cisl","status":"publish","type":"post","link":"https:\/\/www.messinaoggi.it\/website\/2024\/01\/24\/casa-sindacale-per-gli-artisti-iniziativa-della-cisl\/","title":{"rendered":"\u201cCasa sindacale\u201d per gli artisti, iniziativa della Cisl"},"content":{"rendered":"\n<p>Una crescita costante sul territorio siciliano che adesso arriva anche a Messina. Nasce il Nucleo territoriale della Fistel Cisl-Spettacolo, formato interamente da artiste ed artisti messinesi che operano in un territorio ricco di potenzialit\u00e0 com&#8217;\u00e8 quello della citt\u00e0 Metropolitana di Messina.<div id=\"div-gpt-ad-Messinaoggi.it-DSK-300x250-corpoart\" style=\"text-align:center;margin:0 auto;\"><\/div><\/p>\n\n\n\n<p>Un\u2019idea avviata a livello regionale dal Segretario Regionale Antonio D&#8217;Amico e dal delegato Nazionale Luca Fiorino che nasce col plauso del Segretario Generale della Cisl di Messina Antonino Alibrandi e della referente territoriale della Fistel Cisl, Barbara Galluzzo. <div id=\"videoincontent\" style=\"clear:both\";><\/div><\/p>\n\n\n\n<p>\u00abIl nostro intento \u2013 spiegano D\u2019Amico, Fiorino, Alibrandi e Galluzzo \u2013 \u00e8 dare rappresentanza e assistenza sindacale alle tante e validissime professionalit\u00e0 territoriali che con il loro incessante lavoro contribuiscono alla crescita umana e sociale della citt\u00e0. Ci\u00f2 non significa soltanto essere d&#8217;aiuto nelle controversie professionali o negli aspetti pi\u00f9 burocratici e tecnici ma significa anche lavorare per creare comunit\u00e0 d&#8217;intenti, adoperarsi affinch\u00e9 il mondo di tutte le lavoratrici e dei lavoratori dello spettacolo sia pi\u00f9 giusto, trasparente, equo ed inclusivo. Creare una realt\u00e0 territoriale \u00e8 di fondamentale importanza per costruire un punto di riferimento a servizio di tutte le professionalit\u00e0 artistiche cittadine che sono afferenti al campo della prosa, della danza, della musica, del cineaudiovisivo ed a tutte le arti performative in genere\u00bb.<\/p>\n","protected":false},"excerpt":{"rendered":"<p>Una crescita costante sul territorio siciliano che adesso arriva anche a Messina. Nasce il Nucleo territoriale della Fistel Cisl-Spettacolo, formato interamente da artiste ed artisti messinesi che operano in un territorio ricco di potenzialit\u00e0 com&#8217;\u00e8 quello della citt\u00e0 Metropolitana di Messina. Un\u2019idea avviata a livello regionale dal Segretario Regionale Antonio D&#8217;Amico e dal delegato Nazionale [&hellip;]<\/p>\n","protected":false},"author":2,"featured_media":184724,"comment_status":"open","ping_status":"open","sticky":false,"template":"","format":"standard","meta":{"ub_ctt_via":"","_mi_skip_tracking":false},"categories":[5],"tags":[8378,9457,1758],"featured_image_src":"https:\/\/www.messinaoggi.it\/website\/wp-content\/uploads\/2024\/01\/luca-fiorino.jpg","author_info":{"display_name":"Redazione","author_link":"https:\/\/www.messinaoggi.it\/website\/author\/redazione\/"},"digistream_id":0,"digistream":false,"_links":{"self":[{"href":"https:\/\/www.messinaoggi.it\/website\/wp-json\/wp\/v2\/posts\/184723"}],"collection":[{"href":"https:\/\/www.messinaoggi.it\/website\/wp-json\/wp\/v2\/posts"}],"about":[{"href":"https:\/\/www.messinaoggi.it\/website\/wp-json\/wp\/v2\/types\/post"}],"author":[{"embeddable":true,"href":"https:\/\/www.messinaoggi.it\/website\/wp-json\/wp\/v2\/users\/2"}],"replies":[{"embeddable":true,"href":"https:\/\/www.messinaoggi.it\/website\/wp-json\/wp\/v2\/comments?post=184723"}],"version-history":[{"count":1,"href":"https:\/\/www.messinaoggi.it\/website\/wp-json\/wp\/v2\/posts\/184723\/revisions"}],"predecessor-version":[{"id":184725,"href":"https:\/\/www.messinaoggi.it\/website\/wp-json\/wp\/v2\/posts\/184723\/revisions\/184725"}],"wp:featuredmedia":[{"embeddable":true,"href":"https:\/\/www.messinaoggi.it\/website\/wp-json\/wp\/v2\/media\/184724"}],"wp:attachment":[{"href":"https:\/\/www.messinaoggi.it\/website\/wp-json\/wp\/v2\/media?parent=184723"}],"wp:term":[{"taxonomy":"category","embeddable":true,"href":"https:\/\/www.messinaoggi.it\/website\/wp-json\/wp\/v2\/categories?post=184723"},{"taxonomy":"post_tag","embeddable":true,"href":"https:\/\/www.messinaoggi.it\/website\/wp-json\/wp\/v2\/tags?post=184723"}],"curies":[{"name":"wp","href":"https:\/\/api.w.org\/{rel}","templated":true}]}}