{"id":184514,"date":"2024-01-22T19:44:14","date_gmt":"2024-01-22T18:44:14","guid":{"rendered":"http:\/\/www.messinaoggi.it\/website\/?p=184514"},"modified":"2024-01-22T19:44:25","modified_gmt":"2024-01-22T18:44:25","slug":"pilone-di-torre-faro-gioveni-sinterroga-sul-futuro","status":"publish","type":"post","link":"https:\/\/www.messinaoggi.it\/website\/2024\/01\/22\/pilone-di-torre-faro-gioveni-sinterroga-sul-futuro\/","title":{"rendered":"Pilone di Torre Faro, Gioveni s&#8217;interroga sul futuro"},"content":{"rendered":"\n<p>&#8220;Che fine ha fatto il progetto di valorizzazione del pilone di Torre Faro per il quale negli anni scorsi si era avviato un percorso tecnico-amministrativo con una prima manifestazione di interesse?\u201d<div id=\"div-gpt-ad-Messinaoggi.it-DSK-300x250-corpoart\" style=\"text-align:center;margin:0 auto;\"><\/div><\/p>\n\n\n\n<p>Il consigliere comunale Libero Gioveni, capogruppo di Fratelli d\u2019Italia, intende riaccendere i riflettori in Aula sui 233 metri di imponenza della mega struttura del borgo marinaro dopo il ritiro da parte della scorsa Amministrazione della manifestazione di interesse a seguito di alcune osservazioni dell\u2019Anac<div id=\"videoincontent\" style=\"clear:both\";><\/div><\/p>\n\n\n\n<p>Al netto delle diatribe passate sull\u2019effettiva titolarit\u00e0 dell\u2019immenso traliccio visto che sembrerebbe essere solo il basamento di propriet\u00e0 del Comune \u2013 evidenzia Gioveni &#8211; non si pu\u00f2 pensare che una simile opera realizzata 70 anni fa, per la sua strategica posizione e per le caratteristiche strutturali che la rendono quasi assimilabile alla famosa Torre Eiffel parigina, non venga sfruttata e valorizzata per rilanciare in chiave turistica la nostra citt\u00e0 e in particolare tutta la zona nord.<\/p>\n\n\n\n<p>Riconosco che la volont\u00e0 di riprendere la questione del pilone \u2013 prosegue il consigliere \u2013 mi sorge dopo il proficuo dibattito avuto in Commissione Ponte con l\u2019Ing. Vincenzo Franza, AD di \u201cCaronte &amp; Tourist\u201d, allorquando lo stesso ha voluto fare riferimento agli ascensori della Torre Eiffel da pensare per\u00f2 per i piloni del Ponte come attrazione turistica.<\/p>\n\n\n\n<p>Chieder\u00f2 di convocare in Commissione, oltre gli assessori ai lavori pubblici, al turismo e alle politiche del mare, anche il Demanio marittimo \u2013 conclude Gioveni \u2013 per fare un focus su ci\u00f2 che intanto si \u00e8 fatto per la definizione della titolarit\u00e0 della struttura e che si potrebbe fare in futuro con l\u2019obiettivo di recepire progetti imprenditoriali su cui predisporre un bando di gara per il recupero, la trasformazione, l\u2019utilizzo, la gestione e la valorizzazione del pilone&#8221;.<\/p>\n","protected":false},"excerpt":{"rendered":"<p>&#8220;Che fine ha fatto il progetto di valorizzazione del pilone di Torre Faro per il quale negli anni scorsi si era avviato un percorso tecnico-amministrativo con una prima manifestazione di interesse?\u201d Il consigliere comunale Libero Gioveni, capogruppo di Fratelli d\u2019Italia, intende riaccendere i riflettori in Aula sui 233 metri di imponenza della mega struttura del [&hellip;]<\/p>\n","protected":false},"author":4,"featured_media":63559,"comment_status":"open","ping_status":"open","sticky":false,"template":"","format":"standard","meta":{"ub_ctt_via":"","_mi_skip_tracking":false},"categories":[5],"tags":[4454,740,2258,1154],"featured_image_src":"https:\/\/www.messinaoggi.it\/website\/wp-content\/uploads\/2021\/05\/torre-faro-pilone-7.jpg","author_info":{"display_name":"redme","author_link":"https:\/\/www.messinaoggi.it\/website\/author\/redme\/"},"digistream_id":0,"digistream":false,"_links":{"self":[{"href":"https:\/\/www.messinaoggi.it\/website\/wp-json\/wp\/v2\/posts\/184514"}],"collection":[{"href":"https:\/\/www.messinaoggi.it\/website\/wp-json\/wp\/v2\/posts"}],"about":[{"href":"https:\/\/www.messinaoggi.it\/website\/wp-json\/wp\/v2\/types\/post"}],"author":[{"embeddable":true,"href":"https:\/\/www.messinaoggi.it\/website\/wp-json\/wp\/v2\/users\/4"}],"replies":[{"embeddable":true,"href":"https:\/\/www.messinaoggi.it\/website\/wp-json\/wp\/v2\/comments?post=184514"}],"version-history":[{"count":1,"href":"https:\/\/www.messinaoggi.it\/website\/wp-json\/wp\/v2\/posts\/184514\/revisions"}],"predecessor-version":[{"id":184515,"href":"https:\/\/www.messinaoggi.it\/website\/wp-json\/wp\/v2\/posts\/184514\/revisions\/184515"}],"wp:featuredmedia":[{"embeddable":true,"href":"https:\/\/www.messinaoggi.it\/website\/wp-json\/wp\/v2\/media\/63559"}],"wp:attachment":[{"href":"https:\/\/www.messinaoggi.it\/website\/wp-json\/wp\/v2\/media?parent=184514"}],"wp:term":[{"taxonomy":"category","embeddable":true,"href":"https:\/\/www.messinaoggi.it\/website\/wp-json\/wp\/v2\/categories?post=184514"},{"taxonomy":"post_tag","embeddable":true,"href":"https:\/\/www.messinaoggi.it\/website\/wp-json\/wp\/v2\/tags?post=184514"}],"curies":[{"name":"wp","href":"https:\/\/api.w.org\/{rel}","templated":true}]}}