{"id":18437,"date":"2018-04-20T09:54:24","date_gmt":"2018-04-20T07:54:24","guid":{"rendered":"http:\/\/www.messinaoggi.it\/website\/?p=18437"},"modified":"2018-04-20T09:54:24","modified_gmt":"2018-04-20T07:54:24","slug":"verso-il-10-giugno-i-dubbi-di-zuccarello-e-il-nemico-in-famiglia-di-damore","status":"publish","type":"post","link":"https:\/\/www.messinaoggi.it\/website\/2018\/04\/20\/verso-il-10-giugno-i-dubbi-di-zuccarello-e-il-nemico-in-famiglia-di-damore\/","title":{"rendered":"Verso il 10 giugno, i dubbi di Zuccarello e il &quot;nemico in famiglia&quot; di D&#039;Amore"},"content":{"rendered":"<p style=\"text-align: justify\">Partiti, movimenti e rappresentanti politici sono in fermento per la composizione delle liste, fattore che non sembra affatto scontato. Tutti hanno difficolt\u00e0, in molti devono sciogliere le riserve per capire se, effettivamente, ci sono gli spazi per dare il proprio supporto elettorale oppure no. Un sentimento che accomuna molti, \u00a0consiglieri uscenti o non eletti nel 2013, ma anche qualcuno tra gli ex consiglieri provinciali che hanno chiuso i battenti nel quinquennio 2008-2013. Tra le posizioni ancora \u00a0aperte c\u2019\u00e8 quella di Daniele Zuccarello, che ormai da diverso tempo gravita in orbita German\u00e0. Una luna di miele che alcune voci metterebbero gi\u00e0 in seria discussione, inserendo Zuccarello nella lista di Diventer\u00e0Bellissima.<div id=\"div-gpt-ad-Messinaoggi.it-DSK-300x250-corpoart\" style=\"text-align:center;margin:0 auto;\"><\/div><\/p>\n<div id=\"attachment_16464\" style=\"width: 310px\" class=\"wp-caption alignnone\"><img aria-describedby=\"caption-attachment-16464\" loading=\"lazy\" class=\"wp-image-16464 size-medium\" src=\"http:\/\/www.messinaoggi.it\/website\/wp-content\/uploads\/2018\/03\/picciolo-e-damore-Pd-300x169.jpg\" alt=\"\" width=\"300\" height=\"169\" \/><p id=\"caption-attachment-16464\" class=\"wp-caption-text\">Peppe Picciolo e Fabio D&#8217;Amore<\/p><\/div>\n<p style=\"text-align: justify\">Al momento, per\u00f2, si trattano solo di voci: <em>\u201cL\u2019onorevole Geman\u00e0 \u00e8 una persona molto attenta al movimento Missione Messina che da tempo mi sento di rappresentare con entusiasmo \u2013 ha dichiarato \u2013 noi abbiamo gi\u00e0 presentato 35 punti programmatici, molti di questi sono estremamente semplici da applicare ma serve una profonda conoscenza della macchina burocratica comunale. Certamente non possono trascorrere altri cinque anni parlando, ad esempio, \u00a0della tassa di occupazione del suolo pubblico per i commercianti, senza che vi sia una svolta. Noi non chiudiamo la porta a nessuna esperienza, dialoghiamo con tutti, ma la condivisione dei nostri programmi \u00e8 fondamentale. A quel punto decideremo se confluire in una lista oppure fare una lista autonoma come Missione Messina\u201d<\/em>.<div id=\"videoincontent\" style=\"clear:both\";><\/div><\/p>\n<p style=\"text-align: justify\">Particolare anche la situazione che vivr\u00e0 Fabio D\u2019Amore, gi\u00e0 candidato al Senato con il Partito Democratico il 4 marzo scorso \u00e8 vicino all\u2019ex deputato regionale, Giuseppe Picciolo. D\u2019Amore avr\u00e0 il proprio candidato di riferimento all\u2019interno della lista di Sicilia Futura, vale a dire il consigliere uscente Nino Carreri, ma vivr\u00e0 anche una particolare \u201cfaida\u201d familiare. Suo cognato, Nello Caruso, sar\u00e0 uno dei candidati nella lista di Diventer\u00e0Bellissima. Una particolare situazione che non andr\u00e0 oltre l\u2019ambito della competizione elettorale. Ma intanto vale il detto che un candidato in famiglia basta e avanza.<\/p>\n<p> <\/p>\n","protected":false},"excerpt":{"rendered":"<p>Partiti, movimenti e rappresentanti politici sono in fermento per la composizione delle liste, fattore che non sembra affatto scontato. Tutti hanno difficolt\u00e0, in molti devono sciogliere le riserve per capire se, effettivamente, ci sono gli spazi per dare il proprio supporto elettorale oppure no. Un sentimento che accomuna molti, \u00a0consiglieri uscenti o non eletti nel [&hellip;]<\/p>\n","protected":false},"author":14,"featured_media":16706,"comment_status":"closed","ping_status":"open","sticky":false,"template":"","format":"standard","meta":{"ub_ctt_via":"","_mi_skip_tracking":false},"categories":[6],"tags":[],"featured_image_src":"https:\/\/www.messinaoggi.it\/website\/wp-content\/uploads\/2018\/03\/zuccarello-_6055-1.jpg","author_info":{"display_name":"Antonio Macauda","author_link":"https:\/\/www.messinaoggi.it\/website\/author\/a-macauda\/"},"digistream_id":0,"digistream":false,"_links":{"self":[{"href":"https:\/\/www.messinaoggi.it\/website\/wp-json\/wp\/v2\/posts\/18437"}],"collection":[{"href":"https:\/\/www.messinaoggi.it\/website\/wp-json\/wp\/v2\/posts"}],"about":[{"href":"https:\/\/www.messinaoggi.it\/website\/wp-json\/wp\/v2\/types\/post"}],"author":[{"embeddable":true,"href":"https:\/\/www.messinaoggi.it\/website\/wp-json\/wp\/v2\/users\/14"}],"replies":[{"embeddable":true,"href":"https:\/\/www.messinaoggi.it\/website\/wp-json\/wp\/v2\/comments?post=18437"}],"version-history":[{"count":0,"href":"https:\/\/www.messinaoggi.it\/website\/wp-json\/wp\/v2\/posts\/18437\/revisions"}],"wp:featuredmedia":[{"embeddable":true,"href":"https:\/\/www.messinaoggi.it\/website\/wp-json\/wp\/v2\/media\/16706"}],"wp:attachment":[{"href":"https:\/\/www.messinaoggi.it\/website\/wp-json\/wp\/v2\/media?parent=18437"}],"wp:term":[{"taxonomy":"category","embeddable":true,"href":"https:\/\/www.messinaoggi.it\/website\/wp-json\/wp\/v2\/categories?post=18437"},{"taxonomy":"post_tag","embeddable":true,"href":"https:\/\/www.messinaoggi.it\/website\/wp-json\/wp\/v2\/tags?post=18437"}],"curies":[{"name":"wp","href":"https:\/\/api.w.org\/{rel}","templated":true}]}}