{"id":18434,"date":"2018-04-20T08:12:13","date_gmt":"2018-04-20T06:12:13","guid":{"rendered":"http:\/\/www.messinaoggi.it\/website\/?p=18434"},"modified":"2018-04-20T08:12:13","modified_gmt":"2018-04-20T06:12:13","slug":"bramanti-i-giovani-saranno-i-protagonisti-del-futuro","status":"publish","type":"post","link":"https:\/\/www.messinaoggi.it\/website\/2018\/04\/20\/bramanti-i-giovani-saranno-i-protagonisti-del-futuro\/","title":{"rendered":"Bramanti: &quot;I giovani saranno i protagonisti del futuro&quot;"},"content":{"rendered":"<p class=\"p1\"><span class=\"s1\"><b>Ci pu\u00f2 dare qualche anticipazione dell\u2019incontro di domani con il candidato sindaco Cateno De Luca?<\/b><\/span><div id=\"div-gpt-ad-Messinaoggi.it-DSK-300x250-corpoart\" style=\"text-align:center;margin:0 auto;\"><\/div><\/p>\n<p class=\"p1\" style=\"text-align: justify;\"><em><span class=\"s1\">&#8220;No, nessuna anticipazione. Mettiamo tutti i giornalisti alla pari&#8221;.<\/span><\/em><div id=\"videoincontent\" style=\"clear:both\";><\/div><\/p>\n<p class=\"p1\" style=\"text-align: justify;\"><span class=\"s1\"><b>Si trova a suo agio in questo avvio di campagna elettorale?<\/b><\/span><\/p>\n<p class=\"p1\" style=\"text-align: justify;\"><em><span class=\"s1\">&#8220;Per me \u00e8 un\u2019esperienza totalmente nuova. Non sono un politico, sono un medico. Ho comunque accettato la proposta del Presidente Musumeci con entusiasmo e con spirito di servizio nei confronti della mia citt\u00e0 e dei miei concittadini&#8221;.<\/span><\/em><\/p>\n<p class=\"p1\" style=\"text-align: justify;\"><span class=\"s1\"><b>Qual \u00e8 il suo rapporto con la politica e con i cittadini?<\/b><\/span><\/p>\n<p class=\"p1\" style=\"text-align: justify;\"><em><span class=\"s1\">&#8220;Ho sempre avuto a che fare con la gente per la mia professione, che ha sempre determinato delle ricadute sociali molto forti.<br \/>\nNon c\u2019\u00e8 mai stato un distacco con le persone perch\u00e9 ho sempre avuto un profondo scambio relazionale, elemento questo che mi facilita nella comunicazione con la gente comune come me. Per quanto riguarda la politica, confesso che ho sempre avuto un ottimo rapporto con i politici, ai quali mi sono sempre riferito sia per un dovere istituzionale, sia a favore delle esigenze sanitarie per le quali ho dedicato tutta la mia vita. Ho dialogato in modo costruttivo con tutte le forze politiche che si sono succedute in tanti anni di attivit\u00e0 professionale. Si \u00e8 sempre trattato di un reciproco scambio di attenzioni lecite e finalizzate, da una parte, esclusivamente alle esigenze della gente e, dall\u2019altra, alla crescita e allo sviluppo delle nostre realt\u00e0 strutturali, tecnologiche e dei lavoratori, di cui ne ha tratto beneficio la citt\u00e0 di Messina&#8221;.<\/span><\/em><\/p>\n<p class=\"p1\" style=\"text-align: justify;\"><span class=\"s1\"><b>Esiste davvero il metodo-Messina a trazione anteriore?<\/b><\/span><\/p>\n<p class=\"p1\" style=\"text-align: justify;\"><em><span class=\"s1\">&#8220;Il mio &#8216;metodo-Messina prevede dei punti fondamentali: un rapporto con la migliore politica, un coinvolgimento diretto delle figure professionali della societ\u00e0, l\u2019individuazione dei bisogni della gente, la realizzazione e l\u2019esecuzione di ogni possibile attivit\u00e0 e, infine, la meritocrazia che \u00e8 la base di tutto per un corretto funzionamento della macchina amministrativa. Il mio metodo \u00e8 \u201ca trazione anteriore\u201d perch\u00e9 deve necessariamente vedere protagonisti assoluti i giovani messinesi con la forza delle loro idee. Uno dei primi passi da compiere per risollevare Messina \u00e8 sicuramente quella di reperire i finanziamenti, perch\u00e9 le risorse economiche ci sono, ma bisogna redigere e presentare agli organi competenti i progetti esecutivi&#8221;.<\/span><\/em><\/p>\n<p class=\"p1\" style=\"text-align: justify;\"><span class=\"s1\"><b>I giovani al centro del suo programma&#8230;<\/b><\/span><\/p>\n<p class=\"p1\" style=\"text-align: justify;\"><em><span class=\"s1\">&#8220;Ho molto a cuore la loro situazione. Ogni giovane che lascia la nostra citt\u00e0 perch\u00e9 non riesce a trovare un posto di lavoro degno, rappresenta una sconfitta per tutti noi. Nel mio programma elettorale verr\u00e0 dato ampio spazio a loro. Abbiamo recentemente inaugurato Fabbrica Messina, il progetto condiviso che avr\u00e0 il compito di\u00a0riunire i nostri giovani per creare una comunit\u00e0 di persone che produce\u00a0pensiero e che tiene nel cuore l\u2019ambizione di\u00a0costruire una nuova Messina. Voglio portare i giovani a Palazzo Zanca per determinare un protagonismo attivo, presupposto fondamentale per reale un dialogo con le Istituzioni&#8221;.<\/span><\/em><\/p>\n<p class=\"p1\" style=\"text-align: justify;\"><span class=\"s1\"><b>Si ritiene adeguato al ruolo che l\u2019aspetta in caso di successo elettorale?<\/b><\/span><\/p>\n<p class=\"p1\" style=\"text-align: justify;\"><em><span class=\"s1\">&#8220;Posso sicuramente garantire il massimo impegno per la mia citt\u00e0, per portare il cambiamento e mettermi al servizio di Messina con la professionalit\u00e0 e l\u2019onest\u00e0 che ha sempre contraddistinto il mio operato&#8221;.<\/span><\/em><\/p>\n","protected":false},"excerpt":{"rendered":"<p>Ci pu\u00f2 dare qualche anticipazione dell\u2019incontro di domani con il candidato sindaco Cateno De Luca? &#8220;No, nessuna anticipazione. Mettiamo tutti i giornalisti alla pari&#8221;. Si trova a suo agio in questo avvio di campagna elettorale? &#8220;Per me \u00e8 un\u2019esperienza totalmente nuova. Non sono un politico, sono un medico. Ho comunque accettato la proposta del Presidente [&hellip;]<\/p>\n","protected":false},"author":2,"featured_media":18433,"comment_status":"closed","ping_status":"open","sticky":false,"template":"","format":"standard","meta":{"ub_ctt_via":"","_mi_skip_tracking":false},"categories":[19],"tags":[],"featured_image_src":"https:\/\/www.messinaoggi.it\/website\/wp-content\/uploads\/2018\/04\/IMG-20180419-WA0036-2.jpg","author_info":{"display_name":"Redazione","author_link":"https:\/\/www.messinaoggi.it\/website\/author\/redazione\/"},"digistream_id":0,"digistream":false,"_links":{"self":[{"href":"https:\/\/www.messinaoggi.it\/website\/wp-json\/wp\/v2\/posts\/18434"}],"collection":[{"href":"https:\/\/www.messinaoggi.it\/website\/wp-json\/wp\/v2\/posts"}],"about":[{"href":"https:\/\/www.messinaoggi.it\/website\/wp-json\/wp\/v2\/types\/post"}],"author":[{"embeddable":true,"href":"https:\/\/www.messinaoggi.it\/website\/wp-json\/wp\/v2\/users\/2"}],"replies":[{"embeddable":true,"href":"https:\/\/www.messinaoggi.it\/website\/wp-json\/wp\/v2\/comments?post=18434"}],"version-history":[{"count":0,"href":"https:\/\/www.messinaoggi.it\/website\/wp-json\/wp\/v2\/posts\/18434\/revisions"}],"wp:featuredmedia":[{"embeddable":true,"href":"https:\/\/www.messinaoggi.it\/website\/wp-json\/wp\/v2\/media\/18433"}],"wp:attachment":[{"href":"https:\/\/www.messinaoggi.it\/website\/wp-json\/wp\/v2\/media?parent=18434"}],"wp:term":[{"taxonomy":"category","embeddable":true,"href":"https:\/\/www.messinaoggi.it\/website\/wp-json\/wp\/v2\/categories?post=18434"},{"taxonomy":"post_tag","embeddable":true,"href":"https:\/\/www.messinaoggi.it\/website\/wp-json\/wp\/v2\/tags?post=18434"}],"curies":[{"name":"wp","href":"https:\/\/api.w.org\/{rel}","templated":true}]}}