{"id":18431,"date":"2018-04-20T07:45:30","date_gmt":"2018-04-20T05:45:30","guid":{"rendered":"http:\/\/www.messinaoggi.it\/website\/?p=18431"},"modified":"2018-04-20T07:45:30","modified_gmt":"2018-04-20T05:45:30","slug":"confartigianato-lino-santoro-referente-della-categoria-giovani","status":"publish","type":"post","link":"https:\/\/www.messinaoggi.it\/website\/2018\/04\/20\/confartigianato-lino-santoro-referente-della-categoria-giovani\/","title":{"rendered":"Confartigianato: Lino Santoro referente della categoria &quot;Giovani&quot;"},"content":{"rendered":"<p align=\"justify\">Il consiglio direttivo di Confartigianato Messina ha conferito la delega per la rappresentanza della categoria giovani imprenditori della Confederazione a Lino Santoro.<div id=\"div-gpt-ad-Messinaoggi.it-DSK-300x250-corpoart\" style=\"text-align:center;margin:0 auto;\"><\/div><\/p>\n<p align=\"justify\">Il noto imprenditore assume la prestigiosa carica di referente del sodalizio che raggruppa i giovani imprenditori della provincia di Messina aderenti all\u2019associazione datoriale.<div id=\"videoincontent\" style=\"clear:both\";><\/div><\/p>\n<p align=\"justify\">La nomina \u00e8 stata ufficializzata alla presenza dei dirigenti di Confartigianato Francesco Giancola\u00a0ed Alessandro Allegra.<\/p>\n<p align=\"justify\">\u201cRingrazio Confartigianato Messina \u2013 afferma Santoro \u2013 per avermi dato fiducia e riconosciuto nella mia persona un punto di riferimento dei giovani imprenditori, sulla base dell\u2019esperienza maturata. Da giorni siamo al lavoro per offrire ai nostri associati gli strumenti necessari per fare impresa e soprattutto per attingere ai finanziamenti come \u2018Resto al Sud\u2019. In questo l\u2019associazione che mi pregio di rappresentare \u00e8 leader a Messina nell\u2019offrire l\u2019assistenza richiesta. Basti pensare che al momento evadiamo oltre venti pratiche al mese per finanziamenti. Ma non ci limitiamo solo a questo. Offriamo anche assistenza per finanziamenti europei previsti per le start-up.<\/p>\n<p align=\"justify\">Da rappresentante dei giovani imprenditori di Confartigianato Messina, come primo obiettivo porr\u00f2 tutte le azioni possibili per sfruttare l\u2019opportunit\u00e0 del crocierismo. Duole dirlo, ma l\u2019amministrazione comunale \u00e8 stata carente e per questo motivo proporremo alla nuova giunta un modello di sviluppo che possa generare economia in una citt\u00e0 come Messina che sta segnando decisamente il passo.<\/p>\n<p align=\"justify\">Confartigianato \u00e8 un\u2019associazione snella e autorevole e per questo motivo ho sposato in prima persona un progetto serio che sono certo porter\u00e0 risultati positivi per i nostri associati attraverso le dovute interlocuzioni nell\u2019interesse di tutti e non dei singoli.<\/p>\n<p align=\"justify\">Per quanto riguarda il centro commerciale, dove vi sono numerose aziende di giovani imprenditori, mi far\u00f2 promotore presso le autorit\u00e0 competenti affinch\u00e9 vi sia una costante presenza delle forze dell\u2019ordine.<\/p>\n<p align=\"justify\">Purtroppo gli episodi verificatisi nelle ultime settimane, allontanano le persone dai negozi\u201d.<\/p>\n","protected":false},"excerpt":{"rendered":"<p>Il consiglio direttivo di Confartigianato Messina ha conferito la delega per la rappresentanza della categoria giovani imprenditori della Confederazione a Lino Santoro. Il noto imprenditore assume la prestigiosa carica di referente del sodalizio che raggruppa i giovani imprenditori della provincia di Messina aderenti all\u2019associazione datoriale. La nomina \u00e8 stata ufficializzata alla presenza dei dirigenti di [&hellip;]<\/p>\n","protected":false},"author":4,"featured_media":18432,"comment_status":"closed","ping_status":"open","sticky":false,"template":"","format":"standard","meta":{"ub_ctt_via":"","_mi_skip_tracking":false},"categories":[5],"tags":[],"featured_image_src":"https:\/\/www.messinaoggi.it\/website\/wp-content\/uploads\/2018\/04\/IMG-20180419-WA0026-1.jpg","author_info":{"display_name":"redme","author_link":"https:\/\/www.messinaoggi.it\/website\/author\/redme\/"},"digistream_id":0,"digistream":false,"_links":{"self":[{"href":"https:\/\/www.messinaoggi.it\/website\/wp-json\/wp\/v2\/posts\/18431"}],"collection":[{"href":"https:\/\/www.messinaoggi.it\/website\/wp-json\/wp\/v2\/posts"}],"about":[{"href":"https:\/\/www.messinaoggi.it\/website\/wp-json\/wp\/v2\/types\/post"}],"author":[{"embeddable":true,"href":"https:\/\/www.messinaoggi.it\/website\/wp-json\/wp\/v2\/users\/4"}],"replies":[{"embeddable":true,"href":"https:\/\/www.messinaoggi.it\/website\/wp-json\/wp\/v2\/comments?post=18431"}],"version-history":[{"count":0,"href":"https:\/\/www.messinaoggi.it\/website\/wp-json\/wp\/v2\/posts\/18431\/revisions"}],"wp:featuredmedia":[{"embeddable":true,"href":"https:\/\/www.messinaoggi.it\/website\/wp-json\/wp\/v2\/media\/18432"}],"wp:attachment":[{"href":"https:\/\/www.messinaoggi.it\/website\/wp-json\/wp\/v2\/media?parent=18431"}],"wp:term":[{"taxonomy":"category","embeddable":true,"href":"https:\/\/www.messinaoggi.it\/website\/wp-json\/wp\/v2\/categories?post=18431"},{"taxonomy":"post_tag","embeddable":true,"href":"https:\/\/www.messinaoggi.it\/website\/wp-json\/wp\/v2\/tags?post=18431"}],"curies":[{"name":"wp","href":"https:\/\/api.w.org\/{rel}","templated":true}]}}