{"id":18422,"date":"2018-04-19T18:01:51","date_gmt":"2018-04-19T16:01:51","guid":{"rendered":"http:\/\/www.messinaoggi.it\/website\/?p=18422"},"modified":"2018-04-19T18:01:51","modified_gmt":"2018-04-19T16:01:51","slug":"la-rassegna-laudamo-show-off-presenta-spartacu-strit-viu","status":"publish","type":"post","link":"https:\/\/www.messinaoggi.it\/website\/2018\/04\/19\/la-rassegna-laudamo-show-off-presenta-spartacu-strit-viu\/","title":{"rendered":"La rassegna Laudamo Show off presenta Spartacu Strit Vi\u00f9"},"content":{"rendered":"<p>Domani, alle ore 21.00, presso la Sala Laudamo, per la Rassegna Laudamo Show -Off,\u00a0 \u00a0andr\u00e0 in scena la pi\u00e8ce dal titolo Spartacu Strit Vi\u00f9.<br \/>\nDiretto da Luca Maria Michienzi e interpretato da Francesco Galelli mette a confronto la storia di Spartacus\u00a0 con quella di uomini e donne del nostro tempo, raccontando la strada che il nostro Spartacu si trova a percorrere ogni giorno per andare a guadagnare quei pochi denari che gli occorrono per sperare di costruirsi un futuro e una famiglia. Sa che il suo destino \u00e8 legato a questo viaggio quotidiano, che costantemente compie, sin da quando \u00e8 piccolo, perch\u00e9 lui su questa strada ci \u00e8 nato e per questa strada si batter\u00e0 tutta la vita.<br \/>\n<img loading=\"lazy\" class=\"alignnone size-medium wp-image-18425\" src=\"http:\/\/www.messinaoggi.it\/website\/wp-content\/uploads\/2018\/04\/spartacus-rid-IMG_7701-300x200.jpg\" alt=\"\" width=\"300\" height=\"200\" \/><br \/>\nUna storia strettamente legata alla vita e alla lotta di Franco Nistic\u00f2, politico calabrese, originario di Badolato, che, dopo essersi battuto con ogni mezzo per il miglioramento e l\u2019ammodernamento della 106, per difendere i diritti di chi questa strada \u00e8 costretto a farla ogni giorno, perde la vita al termine di un ultimo comizio tenutosi a Villa San Giovanni nel 2009.<br \/>\n<img loading=\"lazy\" class=\"alignnone size-medium wp-image-18424\" src=\"http:\/\/www.messinaoggi.it\/website\/wp-content\/uploads\/2018\/04\/spartacus-rid-IMG_7638-300x200.jpg\" alt=\"\" width=\"300\" height=\"200\" \/><br \/>\nAncora una volta la rassegna regala storie dalle quali\u00a0 lasciarsi attraversare per vivere intense emozioni.<br \/>\n <br \/>\n <br \/>\n <div id=\"div-gpt-ad-Messinaoggi.it-DSK-300x250-corpoart\" style=\"text-align:center;margin:0 auto;\"><\/div><\/p>\n<div id=\"videoincontent\" style=\"clear:both\";><\/div>","protected":false},"excerpt":{"rendered":"<p>Domani, alle ore 21.00, presso la Sala Laudamo, per la Rassegna Laudamo Show -Off,\u00a0 \u00a0andr\u00e0 in scena la pi\u00e8ce dal titolo Spartacu Strit Vi\u00f9. Diretto da Luca Maria Michienzi e interpretato da Francesco Galelli mette a confronto la storia di Spartacus\u00a0 con quella di uomini e donne del nostro tempo, raccontando la strada che il [&hellip;]<\/p>\n","protected":false},"author":5,"featured_media":18423,"comment_status":"closed","ping_status":"open","sticky":false,"template":"","format":"standard","meta":{"ub_ctt_via":"","_mi_skip_tracking":false},"categories":[17],"tags":[],"featured_image_src":"https:\/\/www.messinaoggi.it\/website\/wp-content\/uploads\/2018\/04\/spartacus-rid-IMG_7235-1.jpg","author_info":{"display_name":"Maria Antonella Saia","author_link":"https:\/\/www.messinaoggi.it\/website\/author\/m-saia\/"},"digistream_id":0,"digistream":false,"_links":{"self":[{"href":"https:\/\/www.messinaoggi.it\/website\/wp-json\/wp\/v2\/posts\/18422"}],"collection":[{"href":"https:\/\/www.messinaoggi.it\/website\/wp-json\/wp\/v2\/posts"}],"about":[{"href":"https:\/\/www.messinaoggi.it\/website\/wp-json\/wp\/v2\/types\/post"}],"author":[{"embeddable":true,"href":"https:\/\/www.messinaoggi.it\/website\/wp-json\/wp\/v2\/users\/5"}],"replies":[{"embeddable":true,"href":"https:\/\/www.messinaoggi.it\/website\/wp-json\/wp\/v2\/comments?post=18422"}],"version-history":[{"count":0,"href":"https:\/\/www.messinaoggi.it\/website\/wp-json\/wp\/v2\/posts\/18422\/revisions"}],"wp:featuredmedia":[{"embeddable":true,"href":"https:\/\/www.messinaoggi.it\/website\/wp-json\/wp\/v2\/media\/18423"}],"wp:attachment":[{"href":"https:\/\/www.messinaoggi.it\/website\/wp-json\/wp\/v2\/media?parent=18422"}],"wp:term":[{"taxonomy":"category","embeddable":true,"href":"https:\/\/www.messinaoggi.it\/website\/wp-json\/wp\/v2\/categories?post=18422"},{"taxonomy":"post_tag","embeddable":true,"href":"https:\/\/www.messinaoggi.it\/website\/wp-json\/wp\/v2\/tags?post=18422"}],"curies":[{"name":"wp","href":"https:\/\/api.w.org\/{rel}","templated":true}]}}