{"id":18405,"date":"2018-04-19T15:30:35","date_gmt":"2018-04-19T13:30:35","guid":{"rendered":"http:\/\/www.messinaoggi.it\/website\/?p=18405"},"modified":"2018-04-19T15:30:35","modified_gmt":"2018-04-19T13:30:35","slug":"perimetro-di-villa-dante-interventi-di-potatura-fino-al-25-maggio","status":"publish","type":"post","link":"https:\/\/www.messinaoggi.it\/website\/2018\/04\/19\/perimetro-di-villa-dante-interventi-di-potatura-fino-al-25-maggio\/","title":{"rendered":"Perimetro di Villa Dante, interventi di potatura fino al 25 maggio"},"content":{"rendered":"<p>Finalmente qualcosa si muove sul fronte verde pubblico. Per consentire i lavori di potatura e abbattimento di alberi lungo il perimetro di Villa Dante sono stati disposti limitazioni viabili dal dipartimento Mobilit\u00e0 Urbana e Viabilit\u00e0. Pertanto, sino a mercoled\u00ec 25 maggio viger\u00e0 il divieto di sosta e sar\u00e0 interdetto il transito pedonale, per tratti di intervento giornaliero, nelle vie Lucania, Catania, San Cosimo e nella strada complanare adiacente il lato est di Villa Dante.<div id=\"div-gpt-ad-Messinaoggi.it-DSK-300x250-corpoart\" style=\"text-align:center;margin:0 auto;\"><\/div><\/p>\n<div id=\"videoincontent\" style=\"clear:both\";><\/div>","protected":false},"excerpt":{"rendered":"<p>Finalmente qualcosa si muove sul fronte verde pubblico. Per consentire i lavori di potatura e abbattimento di alberi lungo il perimetro di Villa Dante sono stati disposti limitazioni viabili dal dipartimento Mobilit\u00e0 Urbana e Viabilit\u00e0. Pertanto, sino a mercoled\u00ec 25 maggio viger\u00e0 il divieto di sosta e sar\u00e0 interdetto il transito pedonale, per tratti di [&hellip;]<\/p>\n","protected":false},"author":4,"featured_media":14186,"comment_status":"closed","ping_status":"open","sticky":false,"template":"","format":"standard","meta":{"ub_ctt_via":"","_mi_skip_tracking":false},"categories":[5],"tags":[],"featured_image_src":"https:\/\/www.messinaoggi.it\/website\/wp-content\/uploads\/2018\/01\/Villa-Dante-ingresso-lato-Provinciale-messinaoggiMarcyR-1.jpg","author_info":{"display_name":"redme","author_link":"https:\/\/www.messinaoggi.it\/website\/author\/redme\/"},"digistream_id":0,"digistream":false,"_links":{"self":[{"href":"https:\/\/www.messinaoggi.it\/website\/wp-json\/wp\/v2\/posts\/18405"}],"collection":[{"href":"https:\/\/www.messinaoggi.it\/website\/wp-json\/wp\/v2\/posts"}],"about":[{"href":"https:\/\/www.messinaoggi.it\/website\/wp-json\/wp\/v2\/types\/post"}],"author":[{"embeddable":true,"href":"https:\/\/www.messinaoggi.it\/website\/wp-json\/wp\/v2\/users\/4"}],"replies":[{"embeddable":true,"href":"https:\/\/www.messinaoggi.it\/website\/wp-json\/wp\/v2\/comments?post=18405"}],"version-history":[{"count":0,"href":"https:\/\/www.messinaoggi.it\/website\/wp-json\/wp\/v2\/posts\/18405\/revisions"}],"wp:featuredmedia":[{"embeddable":true,"href":"https:\/\/www.messinaoggi.it\/website\/wp-json\/wp\/v2\/media\/14186"}],"wp:attachment":[{"href":"https:\/\/www.messinaoggi.it\/website\/wp-json\/wp\/v2\/media?parent=18405"}],"wp:term":[{"taxonomy":"category","embeddable":true,"href":"https:\/\/www.messinaoggi.it\/website\/wp-json\/wp\/v2\/categories?post=18405"},{"taxonomy":"post_tag","embeddable":true,"href":"https:\/\/www.messinaoggi.it\/website\/wp-json\/wp\/v2\/tags?post=18405"}],"curies":[{"name":"wp","href":"https:\/\/api.w.org\/{rel}","templated":true}]}}