{"id":184032,"date":"2024-01-18T13:09:52","date_gmt":"2024-01-18T12:09:52","guid":{"rendered":"http:\/\/www.messinaoggi.it\/website\/?p=184032"},"modified":"2024-01-18T13:09:54","modified_gmt":"2024-01-18T12:09:54","slug":"via-del-carmine-dopo-oltre-15-anni-restituita-alla-citta","status":"publish","type":"post","link":"https:\/\/www.messinaoggi.it\/website\/2024\/01\/18\/via-del-carmine-dopo-oltre-15-anni-restituita-alla-citta\/","title":{"rendered":"Via del Carmine, dopo oltre 15 anni restituita alla citt\u00e0"},"content":{"rendered":"\n<p>Dopo oltre quindici anni la via del Carmine avr\u00e0 una sua strada di collegamento. \u00c8 stata inaugurata\u00a0questa mattina\u00a0la nuova strada di collegamento dalla via del Carmine, alla presenza del sindaco Federico Basile, del vicesindaco Salvatore Mondello, dei componenti del Consiglio della II Municipalit\u00e0, del RUP Salvatore Grillo e della direzione Lavori Agatino Dav\u00ec.<div id=\"div-gpt-ad-Messinaoggi.it-DSK-300x250-corpoart\" style=\"text-align:center;margin:0 auto;\"><\/div><\/p>\n\n\n\n<p>Il tortuoso iter per la riqualificazione dell\u2019importante arteria ha avuto inizio nel 2007. Con l\u2019arrivo della giunta De Luca e proseguendo con l&#8217;amministrazione Basile, in particolare con l\u2019accelerazione procedurale impressa dal vicesindaco Mondello, sono state risolte le criticit\u00e0 tecnico-amministrative-economiche ed \u00e8 stato possibile riavviare i lavori.<div id=\"videoincontent\" style=\"clear:both\";><\/div><\/p>\n\n\n\n<p>La strada in questione \u00e8 dotata di marciapiedi laterali ed \u00e8 completa di illuminazione pubblica e raccolta delle acque bianche e meteoriche. Per la sua realizzazione \u00e8 stato impegnato un importo complessivo pari a 241.392,28 euro, con fondi comunali, mentre l\u2019importo contrattuale dei lavori, aggiudicati alla ditta Vassallo, ammonta a 131.511,52 euro.<\/p>\n\n\n\n<p>\u201cOggi\u00a0siamo qui tutti insieme &#8211; hanno dichiarato a margine il sindaco e il vicesindaco &#8211; per inaugurare un\u2019opera importante, una strada di collegamento ex novo che dar\u00e0 respiro alla viabilit\u00e0 della zona sud. Raccogliamo con soddisfazione i frutti di un impegno costante per Messina, che ci spinge ad affrontare e superare le difficolt\u00e0, per restituire alla citt\u00e0 strutture e servizi che migliorino la qualit\u00e0 della vita della nostra comunit\u00e0\u201d.<\/p>\n","protected":false},"excerpt":{"rendered":"<p>Dopo oltre quindici anni la via del Carmine avr\u00e0 una sua strada di collegamento. \u00c8 stata inaugurata\u00a0questa mattina\u00a0la nuova strada di collegamento dalla via del Carmine, alla presenza del sindaco Federico Basile, del vicesindaco Salvatore Mondello, dei componenti del Consiglio della II Municipalit\u00e0, del RUP Salvatore Grillo e della direzione Lavori Agatino Dav\u00ec. Il tortuoso [&hellip;]<\/p>\n","protected":false},"author":8,"featured_media":184034,"comment_status":"open","ping_status":"open","sticky":false,"template":"","format":"standard","meta":{"ub_ctt_via":"","_mi_skip_tracking":false},"categories":[5],"tags":[4605,9418],"featured_image_src":"https:\/\/www.messinaoggi.it\/website\/wp-content\/uploads\/2024\/01\/FB_IMG_1705579611818.jpg","author_info":{"display_name":"red..me","author_link":"https:\/\/www.messinaoggi.it\/website\/author\/redstage\/"},"digistream_id":0,"digistream":false,"_links":{"self":[{"href":"https:\/\/www.messinaoggi.it\/website\/wp-json\/wp\/v2\/posts\/184032"}],"collection":[{"href":"https:\/\/www.messinaoggi.it\/website\/wp-json\/wp\/v2\/posts"}],"about":[{"href":"https:\/\/www.messinaoggi.it\/website\/wp-json\/wp\/v2\/types\/post"}],"author":[{"embeddable":true,"href":"https:\/\/www.messinaoggi.it\/website\/wp-json\/wp\/v2\/users\/8"}],"replies":[{"embeddable":true,"href":"https:\/\/www.messinaoggi.it\/website\/wp-json\/wp\/v2\/comments?post=184032"}],"version-history":[{"count":1,"href":"https:\/\/www.messinaoggi.it\/website\/wp-json\/wp\/v2\/posts\/184032\/revisions"}],"predecessor-version":[{"id":184033,"href":"https:\/\/www.messinaoggi.it\/website\/wp-json\/wp\/v2\/posts\/184032\/revisions\/184033"}],"wp:featuredmedia":[{"embeddable":true,"href":"https:\/\/www.messinaoggi.it\/website\/wp-json\/wp\/v2\/media\/184034"}],"wp:attachment":[{"href":"https:\/\/www.messinaoggi.it\/website\/wp-json\/wp\/v2\/media?parent=184032"}],"wp:term":[{"taxonomy":"category","embeddable":true,"href":"https:\/\/www.messinaoggi.it\/website\/wp-json\/wp\/v2\/categories?post=184032"},{"taxonomy":"post_tag","embeddable":true,"href":"https:\/\/www.messinaoggi.it\/website\/wp-json\/wp\/v2\/tags?post=184032"}],"curies":[{"name":"wp","href":"https:\/\/api.w.org\/{rel}","templated":true}]}}