{"id":183997,"date":"2024-01-18T09:55:17","date_gmt":"2024-01-18T08:55:17","guid":{"rendered":"http:\/\/www.messinaoggi.it\/website\/?p=183997"},"modified":"2024-01-18T09:55:22","modified_gmt":"2024-01-18T08:55:22","slug":"lombardo-scn-sella-mandrazzi-via-ai-lavori","status":"publish","type":"post","link":"https:\/\/www.messinaoggi.it\/website\/2024\/01\/18\/lombardo-scn-sella-mandrazzi-via-ai-lavori\/","title":{"rendered":"Lombardo (ScN): &#8220;Sella-Mandrazzi, via ai lavori&#8221;"},"content":{"rendered":"\n<p>Buone notizie sulla viabilit\u00e0. Iniziano finalmente i lavori sulla S.S. 185 &#8220;Di Sella Mandrazzi&#8221;. Dopo gli eventi atmosferici avversi del 3 dicembre 2022, che hanno causato pi\u00f9 frane frane, si parte dal km 14+800, dove sono stati avviati i primi lavori urgenti di consolidamento e ripristino del corpo stradale.<div id=\"div-gpt-ad-Messinaoggi.it-DSK-300x250-corpoart\" style=\"text-align:center;margin:0 auto;\"><\/div><\/p>\n\n\n\n<p>&#8220;La SS 185, spiega il deputato di Sud chiama Nord Giuseppe Lombardo \u00e8 una via di vitale importanza per i collegamenti fra il versante jonico Etneo e il versante tirrenico, e questo intervento \u00e8 cruciale per rendere nuovamente percorribile questa importante arteria. Pi\u00f9 volte nelle competenti sedi avevamo sollecitato l&#8217;avvio dei cantieri.\u00a0<br>Nei prossimi giorni e settimane, si estenderanno i cantieri sulle altre frane per risolvere definitivamente le problematiche lungo tutta la strada. Il nostro impegno \u00e8 batterci affinch\u00e9 venga garantita la sicurezza e la funzionalit\u00e0 di questa arteria fondamentale per la mobilit\u00e0 nella nostra regione. Restiamo vigili e operativi per monitorare da vicino l&#8217;evolversi dei lavori e assicurare adesso che i lavori procedano speditamente per la risoluzione definitiva e riaprire nuovamente il traffico.&#8221;<div id=\"videoincontent\" style=\"clear:both\";><\/div><\/p>\n","protected":false},"excerpt":{"rendered":"<p>Buone notizie sulla viabilit\u00e0. Iniziano finalmente i lavori sulla S.S. 185 &#8220;Di Sella Mandrazzi&#8221;. Dopo gli eventi atmosferici avversi del 3 dicembre 2022, che hanno causato pi\u00f9 frane frane, si parte dal km 14+800, dove sono stati avviati i primi lavori urgenti di consolidamento e ripristino del corpo stradale. &#8220;La SS 185, spiega il deputato [&hellip;]<\/p>\n","protected":false},"author":2,"featured_media":183998,"comment_status":"open","ping_status":"open","sticky":false,"template":"","format":"standard","meta":{"ub_ctt_via":"","_mi_skip_tracking":false},"categories":[13,18],"tags":[9412,1554,9411],"featured_image_src":"https:\/\/www.messinaoggi.it\/website\/wp-content\/uploads\/2024\/01\/LOMBARDO-STRADA.jpg","author_info":{"display_name":"Redazione","author_link":"https:\/\/www.messinaoggi.it\/website\/author\/redazione\/"},"digistream_id":0,"digistream":false,"_links":{"self":[{"href":"https:\/\/www.messinaoggi.it\/website\/wp-json\/wp\/v2\/posts\/183997"}],"collection":[{"href":"https:\/\/www.messinaoggi.it\/website\/wp-json\/wp\/v2\/posts"}],"about":[{"href":"https:\/\/www.messinaoggi.it\/website\/wp-json\/wp\/v2\/types\/post"}],"author":[{"embeddable":true,"href":"https:\/\/www.messinaoggi.it\/website\/wp-json\/wp\/v2\/users\/2"}],"replies":[{"embeddable":true,"href":"https:\/\/www.messinaoggi.it\/website\/wp-json\/wp\/v2\/comments?post=183997"}],"version-history":[{"count":1,"href":"https:\/\/www.messinaoggi.it\/website\/wp-json\/wp\/v2\/posts\/183997\/revisions"}],"predecessor-version":[{"id":183999,"href":"https:\/\/www.messinaoggi.it\/website\/wp-json\/wp\/v2\/posts\/183997\/revisions\/183999"}],"wp:featuredmedia":[{"embeddable":true,"href":"https:\/\/www.messinaoggi.it\/website\/wp-json\/wp\/v2\/media\/183998"}],"wp:attachment":[{"href":"https:\/\/www.messinaoggi.it\/website\/wp-json\/wp\/v2\/media?parent=183997"}],"wp:term":[{"taxonomy":"category","embeddable":true,"href":"https:\/\/www.messinaoggi.it\/website\/wp-json\/wp\/v2\/categories?post=183997"},{"taxonomy":"post_tag","embeddable":true,"href":"https:\/\/www.messinaoggi.it\/website\/wp-json\/wp\/v2\/tags?post=183997"}],"curies":[{"name":"wp","href":"https:\/\/api.w.org\/{rel}","templated":true}]}}