{"id":183992,"date":"2024-01-18T09:49:41","date_gmt":"2024-01-18T08:49:41","guid":{"rendered":"http:\/\/www.messinaoggi.it\/website\/?p=183992"},"modified":"2024-01-18T09:49:42","modified_gmt":"2024-01-18T08:49:42","slug":"minardo-lega-scommettere-sui-cattolici-in-politica","status":"publish","type":"post","link":"https:\/\/www.messinaoggi.it\/website\/2024\/01\/18\/minardo-lega-scommettere-sui-cattolici-in-politica\/","title":{"rendered":"Minardo (Lega): &#8220;Scommettere sui cattolici in politica&#8221;"},"content":{"rendered":"\n<p>\u201cBisogna scommettere sui cattolici in politica, in particolare sulla formazione di una nuova classe dirigente di cui un Paese come l\u2019Italia ha estremamente bisogno. Questa scommessa pu\u00f2 partire ancora una volta dalla Sicilia\u201d lo dice il Presidente della Commissione Difesa di Montecitorio Nino Minardo commemorando il 105\u00b0 anniversario della fondazione del Partito Popolare Italiano.<div id=\"div-gpt-ad-Messinaoggi.it-DSK-300x250-corpoart\" style=\"text-align:center;margin:0 auto;\"><\/div><\/p>\n\n\n\n<p><br>\u201cIl Partito Popolare fondato da Luigi Sturzo \u2013 continua Minardo \u2013 consent\u00ec una presenza nuova dei cattolici in politica, oggi credo che servano lo stesso entusiasmo e la stessa fantasia per consentire ai cattolici rinnovati percorsi di impegno politico\u201d.<div id=\"videoincontent\" style=\"clear:both\";><\/div><\/p>\n\n\n\n<p><br>Per il Presidente della Commissione Difesa \u201cnon si tratta di rifare il Ppi o la Dc ma di dare ai cattolici possibilit\u00e0 e spazio per esprimere idee ed energie politiche. Con la guida di Matteo Salvini il mio partito se ne far\u00e0 sempre pi\u00f9 carico per facilitare un\u2019iniziativa politica in questo senso, un\u2019iniziativa che sono convinto possa trovare in Sicilia terreno fertile per la presenza radicata nei territori di una classe dirigente cattolica che aspetta di ritrovare stimoli ed impegno\u201dconclude.<\/p>\n","protected":false},"excerpt":{"rendered":"<p>\u201cBisogna scommettere sui cattolici in politica, in particolare sulla formazione di una nuova classe dirigente di cui un Paese come l\u2019Italia ha estremamente bisogno. Questa scommessa pu\u00f2 partire ancora una volta dalla Sicilia\u201d lo dice il Presidente della Commissione Difesa di Montecitorio Nino Minardo commemorando il 105\u00b0 anniversario della fondazione del Partito Popolare Italiano. \u201cIl [&hellip;]<\/p>\n","protected":false},"author":2,"featured_media":157959,"comment_status":"open","ping_status":"open","sticky":false,"template":"","format":"standard","meta":{"ub_ctt_via":"","_mi_skip_tracking":false},"categories":[4],"tags":[9409,719,1007],"featured_image_src":"https:\/\/www.messinaoggi.it\/website\/wp-content\/uploads\/2023\/06\/Foto-Nino-Minardo.jpg","author_info":{"display_name":"Redazione","author_link":"https:\/\/www.messinaoggi.it\/website\/author\/redazione\/"},"digistream_id":0,"digistream":false,"_links":{"self":[{"href":"https:\/\/www.messinaoggi.it\/website\/wp-json\/wp\/v2\/posts\/183992"}],"collection":[{"href":"https:\/\/www.messinaoggi.it\/website\/wp-json\/wp\/v2\/posts"}],"about":[{"href":"https:\/\/www.messinaoggi.it\/website\/wp-json\/wp\/v2\/types\/post"}],"author":[{"embeddable":true,"href":"https:\/\/www.messinaoggi.it\/website\/wp-json\/wp\/v2\/users\/2"}],"replies":[{"embeddable":true,"href":"https:\/\/www.messinaoggi.it\/website\/wp-json\/wp\/v2\/comments?post=183992"}],"version-history":[{"count":1,"href":"https:\/\/www.messinaoggi.it\/website\/wp-json\/wp\/v2\/posts\/183992\/revisions"}],"predecessor-version":[{"id":183993,"href":"https:\/\/www.messinaoggi.it\/website\/wp-json\/wp\/v2\/posts\/183992\/revisions\/183993"}],"wp:featuredmedia":[{"embeddable":true,"href":"https:\/\/www.messinaoggi.it\/website\/wp-json\/wp\/v2\/media\/157959"}],"wp:attachment":[{"href":"https:\/\/www.messinaoggi.it\/website\/wp-json\/wp\/v2\/media?parent=183992"}],"wp:term":[{"taxonomy":"category","embeddable":true,"href":"https:\/\/www.messinaoggi.it\/website\/wp-json\/wp\/v2\/categories?post=183992"},{"taxonomy":"post_tag","embeddable":true,"href":"https:\/\/www.messinaoggi.it\/website\/wp-json\/wp\/v2\/tags?post=183992"}],"curies":[{"name":"wp","href":"https:\/\/api.w.org\/{rel}","templated":true}]}}