{"id":18392,"date":"2018-04-19T10:05:43","date_gmt":"2018-04-19T08:05:43","guid":{"rendered":"http:\/\/www.messinaoggi.it\/website\/?p=18392"},"modified":"2018-04-19T10:05:43","modified_gmt":"2018-04-19T08:05:43","slug":"bramanti-de-luca-aria-di-patto-di-non-belligeranza","status":"publish","type":"post","link":"https:\/\/www.messinaoggi.it\/website\/2018\/04\/19\/bramanti-de-luca-aria-di-patto-di-non-belligeranza\/","title":{"rendered":"Bramanti-De Luca, aria di patto di non belligeranza"},"content":{"rendered":"<p style=\"text-align: justify\">La conferenza stampa incrociata tra Dino Bramanti e Cateno De Luca, continua ad essere l\u2019argomento principale di questo primo scorcio di campagna elettorale. L\u2019oggetto dell\u2019incontro con i giornalisti continua ad essere rigorosamente top secret, ma la curiosit\u00e0 \u00e8 scontata vista la particolarit\u00e0 della situazione. Mai, fino ad ora, era mai successo che due candidati alla poltrona di primo cittadino si presentassero davanti ai giornalisti per lanciare un messaggio comune. Ribadiamo, sull\u2019oggetto dell\u2019incontro continua ad esserci il massimo riservo, ma qualcosa non \u00e8 difficile intuire.<div id=\"div-gpt-ad-Messinaoggi.it-DSK-300x250-corpoart\" style=\"text-align:center;margin:0 auto;\"><\/div><\/p>\n<p style=\"text-align: justify\"><img loading=\"lazy\" class=\"alignnone size-medium wp-image-16474\" src=\"http:\/\/www.messinaoggi.it\/website\/wp-content\/uploads\/2018\/03\/conf-de-luca-RRP_5480-200x300.jpg\" alt=\"\" width=\"200\" height=\"300\" \/><div id=\"videoincontent\" style=\"clear:both\";><\/div><\/p>\n<p style=\"text-align: justify\">Innanzitutto Bramanti e De Luca lanceranno un appello ai concorrenti, invitandoli ad affrontare le prossime settimane di campagna elettorale con toni pacati e propositivi, mettendo al primo posto i programmi per la citt\u00e0 accantonando attacchi personali o altri colpi bassi. Insomma una sorta di patto di non belligeranza comune, che intanto viene sottoscritto dall\u2019ex direttore scientifico dell\u2019Irccs e dal deputato regionale, che il 5 novembre scorso, \u00e8 giusto ricordarlo, fu eletto proprio tra le fila del centrodestra, salvo poi aderire al Gruppo Misto.<\/p>\n<p style=\"text-align: justify\">Ma \u00e8 altrettanto evidente che c\u2019\u00e8 di pi\u00f9. Ad insospettire \u00e8 una frase scritta dallo stesso Cateno De Luca sul suo profilo facebook, al momento dell\u2019annuncio della conferenza stampa, un \u201cnoi siamo gi\u00e0 oltre\u201d che lascia presagire una collaborazione ad ampio raggio tra i due, che vada ben oltre questa tornata elettorale. In molti ipotizzano un sostegno di De Luca a Bramanti in caso di ballottaggio, sempre ammesso che al secondo turno non ci finisca proprio l\u2019ex sindaco di Santa Teresa di Riva. Ipotesi, fascinazioni, voci di corridoio, ancora due giorni e lo scopriremo.<\/p>\n","protected":false},"excerpt":{"rendered":"<p>La conferenza stampa incrociata tra Dino Bramanti e Cateno De Luca, continua ad essere l\u2019argomento principale di questo primo scorcio di campagna elettorale. L\u2019oggetto dell\u2019incontro con i giornalisti continua ad essere rigorosamente top secret, ma la curiosit\u00e0 \u00e8 scontata vista la particolarit\u00e0 della situazione. Mai, fino ad ora, era mai successo che due candidati alla [&hellip;]<\/p>\n","protected":false},"author":14,"featured_media":17686,"comment_status":"closed","ping_status":"open","sticky":false,"template":"","format":"standard","meta":{"ub_ctt_via":"","_mi_skip_tracking":false},"categories":[6],"tags":[],"featured_image_src":"https:\/\/www.messinaoggi.it\/website\/wp-content\/uploads\/2018\/03\/candidatura-bramanti_8209-1.jpg","author_info":{"display_name":"Antonio Macauda","author_link":"https:\/\/www.messinaoggi.it\/website\/author\/a-macauda\/"},"digistream_id":0,"digistream":false,"_links":{"self":[{"href":"https:\/\/www.messinaoggi.it\/website\/wp-json\/wp\/v2\/posts\/18392"}],"collection":[{"href":"https:\/\/www.messinaoggi.it\/website\/wp-json\/wp\/v2\/posts"}],"about":[{"href":"https:\/\/www.messinaoggi.it\/website\/wp-json\/wp\/v2\/types\/post"}],"author":[{"embeddable":true,"href":"https:\/\/www.messinaoggi.it\/website\/wp-json\/wp\/v2\/users\/14"}],"replies":[{"embeddable":true,"href":"https:\/\/www.messinaoggi.it\/website\/wp-json\/wp\/v2\/comments?post=18392"}],"version-history":[{"count":0,"href":"https:\/\/www.messinaoggi.it\/website\/wp-json\/wp\/v2\/posts\/18392\/revisions"}],"wp:featuredmedia":[{"embeddable":true,"href":"https:\/\/www.messinaoggi.it\/website\/wp-json\/wp\/v2\/media\/17686"}],"wp:attachment":[{"href":"https:\/\/www.messinaoggi.it\/website\/wp-json\/wp\/v2\/media?parent=18392"}],"wp:term":[{"taxonomy":"category","embeddable":true,"href":"https:\/\/www.messinaoggi.it\/website\/wp-json\/wp\/v2\/categories?post=18392"},{"taxonomy":"post_tag","embeddable":true,"href":"https:\/\/www.messinaoggi.it\/website\/wp-json\/wp\/v2\/tags?post=18392"}],"curies":[{"name":"wp","href":"https:\/\/api.w.org\/{rel}","templated":true}]}}