{"id":183857,"date":"2024-01-17T12:09:24","date_gmt":"2024-01-17T11:09:24","guid":{"rendered":"http:\/\/www.messinaoggi.it\/website\/?p=183857"},"modified":"2024-01-17T12:09:25","modified_gmt":"2024-01-17T11:09:25","slug":"il-pd-messinese-dice-no-allalleanza-con-de-luca","status":"publish","type":"post","link":"https:\/\/www.messinaoggi.it\/website\/2024\/01\/17\/il-pd-messinese-dice-no-allalleanza-con-de-luca\/","title":{"rendered":"Il PD messinese dice no all&#8217;alleanza con De Luca"},"content":{"rendered":"\n<p>Ormai da tempo si parla di una possibile alleanza di centro-sinistra allargata a Sicilia Vera di <strong>Cateno De Luca<\/strong> alle future elezioni regionali, per contrastare il centrodestra di Renato Schifani. In merito a questa possibilit\u00e0 interviene il PD messinese, con una nota in cui prende le distanze da questa ipotesi. Cos\u00ec si legge nel documento:<div id=\"div-gpt-ad-Messinaoggi.it-DSK-300x250-corpoart\" style=\"text-align:center;margin:0 auto;\"><\/div><\/p>\n\n\n\n<p>&#8220;La conferenza stampa del Gruppo Parlamentare del PD all\u2019ARS rischia di tenere in piedi un equivoco che nuoce al Partito Democratico e alla prospettiva di costruire un\u2019alternativa al Governo Schifani. Bene hanno fatto i nostri parlamentari regionali a lavorare di concerto con le altre forze di opposizione di Assemblea Regionale per far emergere contraddizioni ed inadeguatezze del Governo delle destre siciliane. Altra cosa per\u00f2 \u00e8 immaginare percorsi politici comuni, senza per altro alcun dibattito negli organismi preposti alla definizione  della linea politica e delle alleanze, con chi ha rappresentato e rappresenta altro rispetto al centro-sinistra e al campo progressista. Cateno De Luca, e le forze politiche in cui ha militato, sostenuto e con le quali \u00e8 stato candidato (MPA, UDC, Forza Italia), e quelle che ha fondato da Sicilia Vera a Sud Chiama Nord, si sono sempre stabilmente collocate nel centro-destra. \u00c8 quello il suo campo, sono quelli i suoi valori. A ci\u00f2 si aggiungano i comportamenti, gli atteggiamenti, le prese di posizioni e la presenza social di questi anni che tutto raccontano fuorch\u00e9 di un interlocutore possibile per il PD ed il centro-sinistra: pi\u00f9 volte criticati e dileggiati con volgarit\u00e0. Se qualcuno a Palermo, o nelle altre provincie, crede di conoscere o pensa di poter gestire Cateno De Luca si sbaglia di grosso e, dalla Provincia di Messina, siamo nella condizione di offrire un quadro chiaro e circonstanziato. \u00c8 vero che alla Sicilia e a Messina serve un\u2019alternativa politica ed elettorale e, neanche noi ci rassegniamo ad un ruolo minoritario, ma non ci sono scorciatoie: se il PD e le forze progressiste vogliono tornare a vincere, a livello regionale e nei territori, recuperino la propria identit\u00e0 e costruiscano un progetto che sappia parlare alle siciliane e ai siciliani&#8221;. <div id=\"videoincontent\" style=\"clear:both\";><\/div><\/p>\n","protected":false},"excerpt":{"rendered":"<p>Ormai da tempo si parla di una possibile alleanza di centro-sinistra allargata a Sicilia Vera di Cateno De Luca alle future elezioni regionali, per contrastare il centrodestra di Renato Schifani. In merito a questa possibilit\u00e0 interviene il PD messinese, con una nota in cui prende le distanze da questa ipotesi. Cos\u00ec si legge nel documento: [&hellip;]<\/p>\n","protected":false},"author":15,"featured_media":153422,"comment_status":"open","ping_status":"open","sticky":false,"template":"","format":"standard","meta":{"ub_ctt_via":"","_mi_skip_tracking":false},"categories":[6],"tags":[9406,601,5341,126,6650,757],"featured_image_src":"https:\/\/www.messinaoggi.it\/website\/wp-content\/uploads\/2023\/05\/Cateno-De-Luca-accusa.png","author_info":{"display_name":"red.me","author_link":"https:\/\/www.messinaoggi.it\/website\/author\/red-me\/"},"digistream_id":0,"digistream":false,"_links":{"self":[{"href":"https:\/\/www.messinaoggi.it\/website\/wp-json\/wp\/v2\/posts\/183857"}],"collection":[{"href":"https:\/\/www.messinaoggi.it\/website\/wp-json\/wp\/v2\/posts"}],"about":[{"href":"https:\/\/www.messinaoggi.it\/website\/wp-json\/wp\/v2\/types\/post"}],"author":[{"embeddable":true,"href":"https:\/\/www.messinaoggi.it\/website\/wp-json\/wp\/v2\/users\/15"}],"replies":[{"embeddable":true,"href":"https:\/\/www.messinaoggi.it\/website\/wp-json\/wp\/v2\/comments?post=183857"}],"version-history":[{"count":1,"href":"https:\/\/www.messinaoggi.it\/website\/wp-json\/wp\/v2\/posts\/183857\/revisions"}],"predecessor-version":[{"id":183874,"href":"https:\/\/www.messinaoggi.it\/website\/wp-json\/wp\/v2\/posts\/183857\/revisions\/183874"}],"wp:featuredmedia":[{"embeddable":true,"href":"https:\/\/www.messinaoggi.it\/website\/wp-json\/wp\/v2\/media\/153422"}],"wp:attachment":[{"href":"https:\/\/www.messinaoggi.it\/website\/wp-json\/wp\/v2\/media?parent=183857"}],"wp:term":[{"taxonomy":"category","embeddable":true,"href":"https:\/\/www.messinaoggi.it\/website\/wp-json\/wp\/v2\/categories?post=183857"},{"taxonomy":"post_tag","embeddable":true,"href":"https:\/\/www.messinaoggi.it\/website\/wp-json\/wp\/v2\/tags?post=183857"}],"curies":[{"name":"wp","href":"https:\/\/api.w.org\/{rel}","templated":true}]}}