{"id":18377,"date":"2018-04-18T16:20:02","date_gmt":"2018-04-18T14:20:02","guid":{"rendered":"http:\/\/www.messinaoggi.it\/website\/?p=18377"},"modified":"2018-04-18T16:20:02","modified_gmt":"2018-04-18T14:20:02","slug":"amam-prima-di-guardare-al-futuro-ce-una-guerra-interna-da-risolvere","status":"publish","type":"post","link":"https:\/\/www.messinaoggi.it\/website\/2018\/04\/18\/amam-prima-di-guardare-al-futuro-ce-una-guerra-interna-da-risolvere\/","title":{"rendered":"Amam, prima di guardare al futuro c&#039;\u00e8 una guerra interna da risolvere"},"content":{"rendered":"<p style=\"text-align: justify;\">I problemi che si sono registrati\u00a0 al serbatoio Montesanto hanno acceso i riflettori sulla gestione delle rete idrica cittadina, perch\u00e9 le perdite causate da piccoli guasti fanno ormai parte dell\u2019ordinaria amministrazione. A farne le spese, come sempre, sono i cittadini che puntualmente vivono il disagio di vedere sospesa l\u2019erogazione\u00a0 per qualche ora, in attesa che il guasto venga riparato. Pi\u00f9 estesi i disagi vissuti tra domenica e luned\u00ec nella zona nord. Naturalmente la citt\u00e0 continua a temere un replay di quanto vissuto nell\u2019autunno 2015, quando Messina torn\u00f2 fin\u00ec su tutti i giornali e\u00a0 su tutte le televisioni come la citt\u00e0 senz\u2019acqua, a causa di una crisi idrica durata per ben venti giorni.<div id=\"div-gpt-ad-Messinaoggi.it-DSK-300x250-corpoart\" style=\"text-align:center;margin:0 auto;\"><\/div><\/p>\n<p style=\"text-align: justify;\">Allora fu una frana che colp\u00ec la condotta nella zona di Calatabiano a lasciare la citt\u00e0 all\u2019asciutto per tutto quel tempo. L\u2019altro forte caldo \u00e8 quello di Forza d\u2019Agr\u00f2, pi\u00f9 identificato dal presidente dell\u2019Amam, Leonardo Termini, come il pi\u00f9 pericoloso. La pubblicazione della gara da parte della Regione \u00e8 ormai cosa fatta, si punta alla messa in sicurezza della condotta spostandola a sud, cos\u00ec da evitare danni provocati da futuri smottamenti, sostituendola completamente con materiali nuovi.<div id=\"videoincontent\" style=\"clear:both\";><\/div><\/p>\n<p style=\"text-align: justify;\">Circa la situazione attuale Termini spiega: \u201c<em>La citt\u00e0 non corre pericoli, certamente ci sono dei tratti della condotta che non necessitano di interventi di manutenzione ma che dovrebbero essere completamente sostituiti\u201d<\/em>. E qui arriviamo alla vera nota dolente della questione, vale a dire la guerra interna che si sta vivendo tra le mura della societ\u00e0 del viale Giostra. Una guerra che domani vivr\u00e0 un altro capitolo, visto che Termini torner\u00e0 tra i banchi della commissione lavori pubblici, gli stessi da cui la settimana scorsa ha lanciato pesanti accuse verso il direttore generale, Claudio Cipollini. Ad esempio, la settimana scorsa in commissione, lo stesso Termini ammise di aver denunciato agli organi competenti, perdite finanziare che si sono riverberate o che si riverbereranno sull\u2019ente. Il nodo principale rimane sempre quello del recupero dei crediti <em>\u201cma ad oggi l\u2019Amam non ha la propriet\u00e0 del server ne le password \u00a0di accesso\u201d,<\/em> cos\u00ec come dichiarato dallo stesso Termini.<\/p>\n","protected":false},"excerpt":{"rendered":"<p>I problemi che si sono registrati\u00a0 al serbatoio Montesanto hanno acceso i riflettori sulla gestione delle rete idrica cittadina, perch\u00e9 le perdite causate da piccoli guasti fanno ormai parte dell\u2019ordinaria amministrazione. A farne le spese, come sempre, sono i cittadini che puntualmente vivono il disagio di vedere sospesa l\u2019erogazione\u00a0 per qualche ora, in attesa che [&hellip;]<\/p>\n","protected":false},"author":14,"featured_media":2182,"comment_status":"closed","ping_status":"open","sticky":false,"template":"","format":"standard","meta":{"ub_ctt_via":"","_mi_skip_tracking":false},"categories":[19],"tags":[],"featured_image_src":"https:\/\/www.messinaoggi.it\/website\/wp-content\/uploads\/2017\/06\/claudio-cipollini-e-leonardo-termini-messinaoggi-2.jpg","author_info":{"display_name":"Antonio Macauda","author_link":"https:\/\/www.messinaoggi.it\/website\/author\/a-macauda\/"},"digistream_id":0,"digistream":false,"_links":{"self":[{"href":"https:\/\/www.messinaoggi.it\/website\/wp-json\/wp\/v2\/posts\/18377"}],"collection":[{"href":"https:\/\/www.messinaoggi.it\/website\/wp-json\/wp\/v2\/posts"}],"about":[{"href":"https:\/\/www.messinaoggi.it\/website\/wp-json\/wp\/v2\/types\/post"}],"author":[{"embeddable":true,"href":"https:\/\/www.messinaoggi.it\/website\/wp-json\/wp\/v2\/users\/14"}],"replies":[{"embeddable":true,"href":"https:\/\/www.messinaoggi.it\/website\/wp-json\/wp\/v2\/comments?post=18377"}],"version-history":[{"count":0,"href":"https:\/\/www.messinaoggi.it\/website\/wp-json\/wp\/v2\/posts\/18377\/revisions"}],"wp:featuredmedia":[{"embeddable":true,"href":"https:\/\/www.messinaoggi.it\/website\/wp-json\/wp\/v2\/media\/2182"}],"wp:attachment":[{"href":"https:\/\/www.messinaoggi.it\/website\/wp-json\/wp\/v2\/media?parent=18377"}],"wp:term":[{"taxonomy":"category","embeddable":true,"href":"https:\/\/www.messinaoggi.it\/website\/wp-json\/wp\/v2\/categories?post=18377"},{"taxonomy":"post_tag","embeddable":true,"href":"https:\/\/www.messinaoggi.it\/website\/wp-json\/wp\/v2\/tags?post=18377"}],"curies":[{"name":"wp","href":"https:\/\/api.w.org\/{rel}","templated":true}]}}